{"id":16973,"date":"2023-08-12T20:00:00","date_gmt":"2023-08-12T20:00:00","guid":{"rendered":"http:\/\/cozinhadave.com\/?p=16973"},"modified":"2023-08-20T17:45:06","modified_gmt":"2023-08-20T17:45:06","slug":"romainesallat","status":"publish","type":"post","link":"https:\/\/cozinhadave.com\/sv\/romainesallat\/","title":{"rendered":"Romaine Salat: Uppt\u00e4ck f\u00f6rdelarna och de l\u00e4ckra recepten h\u00e4r!"},"content":{"rendered":"<figure class=\"wp-block-image size-full\"><img loading=\"lazy\" decoding=\"async\" width=\"1024\" height=\"576\" src=\"http:\/\/cozinhadave.com\/wp-content\/uploads\/2023\/08\/Alface-Romana-beneficios-para-a-saude.jpg\" alt=\"Romansallad \" class=\"wp-image-16976\" srcset=\"https:\/\/cozinhadave.com\/wp-content\/uploads\/2023\/08\/Alface-Romana-beneficios-para-a-saude.jpg 1024w, https:\/\/cozinhadave.com\/wp-content\/uploads\/2023\/08\/Alface-Romana-beneficios-para-a-saude-300x169.jpg 300w, https:\/\/cozinhadave.com\/wp-content\/uploads\/2023\/08\/Alface-Romana-beneficios-para-a-saude-768x432.jpg 768w, https:\/\/cozinhadave.com\/wp-content\/uploads\/2023\/08\/Alface-Romana-beneficios-para-a-saude-18x10.jpg 18w, https:\/\/cozinhadave.com\/wp-content\/uploads\/2023\/08\/Alface-Romana-beneficios-para-a-saude-480x270.jpg 480w\" sizes=\"auto, (max-width: 1024px) 100vw, 1024px\" \/><\/figure>\n\n\n\n<p>Hej, k\u00e4ra l\u00e4sare! Om du letar efter ett s\u00e4tt att g\u00f6ra dina sallader godare och mer n\u00e4ringsrika m\u00e5ste du k\u00e4nna till romansallat! F\u00f6rutom att vara m\u00e5ngsidig och uts\u00f6kt \u00e4r romansallad ocks\u00e5 ett utm\u00e4rkt alternativ f\u00f6r dig som vill \u00e4ta h\u00e4lsosamt. I den h\u00e4r artikeln presenterar jag h\u00e4lsof\u00f6rdelarna med romansallat och n\u00e5gra l\u00e4ckra recept som du kan prova. \u00c4r du redo? Nu s\u00e4tter vi ig\u00e5ng!<\/p>\n\n\n\n<h3 class=\"wp-block-heading\">Huvudsakliga slutsatser<\/h3>\n\n\n\n<ul class=\"wp-block-list\">\n<li>Romansallat \u00e4r ett uts\u00f6kt och n\u00e4ringsrikt alternativ f\u00f6r sallader;<\/li>\n\n\n\n<li>Romansallat har m\u00e5nga h\u00e4lsof\u00f6rdelar;<\/li>\n\n\n\n<li>Det finns m\u00e5nga l\u00e4ckra recept som kan tillagas med romansallad.<\/li>\n<\/ul>\n\n\n\n<h2 class=\"wp-block-heading\">Vad \u00e4r romaine sallad?<\/h2>\n\n\n\n<p>Ah, romansallat ... ett s\u00e5 m\u00e5ngsidigt och v\u00e4lsmakande gr\u00f6nt blad! Men vad \u00e4r romansallat egentligen?<\/p>\n\n\n\n<p>Romansallat \u00e4r en sallatssort som har l\u00e5nga, smala blad med en mittnerv som str\u00e4cker sig ut till spetsen. Den \u00e4r krispig, har en mild, lite s\u00f6t smak och \u00e4r mycket popul\u00e4r i sallader och wraps.<\/p>\n\n\n\n<p>Men det \u00e4r inte allt! Romansallat \u00e4r ocks\u00e5 en bra k\u00e4lla till n\u00e4rings\u00e4mnen, inklusive vitamin C, vitamin K, folsyra och betakaroten. Dessutom inneh\u00e5ller den antioxidanter som hj\u00e4lper till att skydda kroppen mot cellskador och inflammation.<\/p>\n\n\n\n<p>Och vet du vad? Romansallat \u00e4r en av de enklaste sorterna att odla hemma! S\u00e5 om du har en solig plats i tr\u00e4dg\u00e5rden eller till och med en balkong, varf\u00f6r inte prova att odla din egen romansallat? Jag \u00e4r s\u00e4ker p\u00e5 att du kommer att \u00e4lska upplevelsen, liksom att njuta av de n\u00e4ringsm\u00e4ssiga f\u00f6rdelarna med detta underbara blad.<\/p>\n\n\n<div class=\"wp-block-image\">\n<figure class=\"aligncenter\"><img loading=\"lazy\" decoding=\"async\" width=\"1024\" height=\"576\" src=\"http:\/\/cozinhadave.com\/wp-content\/uploads\/2023\/08\/alface-romana-3.jpg\" alt=\"romainesallat\" class=\"wp-image-16975\" title=\"romainesallat\" srcset=\"https:\/\/cozinhadave.com\/wp-content\/uploads\/2023\/08\/alface-romana-3.jpg 1024w, https:\/\/cozinhadave.com\/wp-content\/uploads\/2023\/08\/alface-romana-3-300x169.jpg 300w, https:\/\/cozinhadave.com\/wp-content\/uploads\/2023\/08\/alface-romana-3-768x432.jpg 768w, https:\/\/cozinhadave.com\/wp-content\/uploads\/2023\/08\/alface-romana-3-18x10.jpg 18w, https:\/\/cozinhadave.com\/wp-content\/uploads\/2023\/08\/alface-romana-3-480x270.jpg 480w\" sizes=\"auto, (max-width: 1024px) 100vw, 1024px\" \/><\/figure>\n<\/div>\n\n\n<h2 class=\"wp-block-heading\">H\u00e4lsoeffekter av romansallat<\/h2>\n\n\n\n<p>Jag vet, jag vet, det \u00e4r inte den mest popul\u00e4ra gr\u00f6nsaken som finns. Men romansallat \u00e4r en fantastisk ingrediens som har m\u00e5nga h\u00e4lsof\u00f6rdelar.<\/p>\n\n\n\n<p>Till att b\u00f6rja med \u00e4r den en k\u00e4lla till vitamin A och K, som \u00e4r viktiga f\u00f6r ben- och \u00f6gonh\u00e4lsan. Dessutom \u00e4r romansallat rik p\u00e5 fibrer, som underl\u00e4ttar matsm\u00e4ltningen och f\u00f6rebygger f\u00f6rstoppning.<\/p>\n\n\n\n<p>En annan intressant f\u00f6rdel med romansallat \u00e4r att den inneh\u00e5ller fytokemikalier, som \u00e4r f\u00f6reningar som hj\u00e4lper till att f\u00f6rebygga sjukdomar som cancer. Dessa fytokemikalier bidrar ocks\u00e5 till att minska inflammation i kroppen, vilket \u00e4r viktigt f\u00f6r den allm\u00e4nna h\u00e4lsan.<\/p>\n\n\n\n<p>Och om du \u00e4r orolig f\u00f6r din kardiovaskul\u00e4ra h\u00e4lsa, kan du vara s\u00e4ker! Romansallat \u00e4r en k\u00e4lla till folsyra, som bidrar till att minska risken f\u00f6r hj\u00e4rtsjukdomar.<\/p>\n\n\n\n<p>Dra nytta av alla dessa f\u00f6rdelar genom att inkludera romansallat i din kost. Och f\u00f6r att f\u00e5 reda p\u00e5 \u00e4nnu mer om hur denna otroliga gr\u00f6nsak kan hj\u00e4lpa din h\u00e4lsa, l\u00e4s vidare!<\/p>\n\n\n\n<h2 class=\"wp-block-heading\">L\u00e4ckra recept med romansallad<\/h2>\n\n\n\n<p>Jag erk\u00e4nner att jag aldrig har varit ett salladsfan, men romansallat har f\u00f6r\u00e4ndrat mina smakl\u00f6kar och mitt liv! Detta gr\u00f6na (och charmiga!) blad har en otrolig smak och kan anv\u00e4ndas p\u00e5 en m\u00e4ngd olika s\u00e4tt i k\u00f6ket. Fr\u00e5n sallader till wraps och fyllningar, romansallat kan vara den saknade ingrediensen f\u00f6r att ge dina recept en speciell touch.<\/p>\n\n\n\n<p>F\u00f6r att hj\u00e4lpa dig att bli lika f\u00f6r\u00e4lskad i detta blad som jag har blivit, ska jag dela med mig av n\u00e5gra l\u00e4ckra recept som jag \u00e4r s\u00e4ker p\u00e5 att du kommer att bli f\u00f6rtjust i. Ska vi s\u00e4tta ig\u00e5ng?<\/p>\n\n\n\n<h3 class=\"wp-block-heading\">Sallad med romansallad och citrusdressing<\/h3>\n\n\n\n<p>Den h\u00e4r salladen \u00e4r perfekt f\u00f6r dig som \u00e4lskar en uppfriskande citrussmak. Blanda hackad romansallad, rucola, apelsinskivor, solrosfr\u00f6n och t\u00e4rningar av fetaost i en sk\u00e5l. Blanda olivolja, citronsaft och apelsinskal till dressingen. Smaka av med salt och svartpeppar och blanda v\u00e4l. Servera salladen med dressingen \u00f6verst och njut!<\/p>\n\n\n\n<h3 class=\"wp-block-heading\">Wrap med romansallad och grillad kyckling<\/h3>\n\n\n\n<p>Det h\u00e4r receptet \u00e4r ett h\u00e4lsosamt och gott alternativ f\u00f6r en snabb lunch eller ett eftermiddagsmellanm\u00e5l. Tillaga kycklingfil\u00e9erna genom att grilla dem kryddade med salt och svartpeppar. L\u00e4gg skivor av avokado, tomat, r\u00f6dl\u00f6k och den grillade kycklingen p\u00e5 ett blad romansallad. Rulla ihop bladet som en wrap och l\u00e4gg eventuellt till en valfri s\u00e5s. Det \u00e4r j\u00e4ttegott!<\/p>\n\n\n\n<h3 class=\"wp-block-heading\">Fylld romansallad med quinoa och gr\u00f6nsaker<\/h3>\n\n\n\n<p>Det h\u00e4r receptet \u00e4r perfekt f\u00f6r en l\u00e4tt och h\u00e4lsosam middag. Koka quinoan med vatten och salt i en kastrull. Fr\u00e4s valfria gr\u00f6nsaker (jag \u00e4lskar mor\u00f6tter, zucchini och k\u00f6rsb\u00e4rstomater) med vitl\u00f6k och l\u00f6k i en annan panna. Blanda ihop quinoa och gr\u00f6nsaker och l\u00e4gg blandningen p\u00e5 ett blad romansallad. Servera med en yoghurts\u00e5s och f\u00e4rska \u00f6rter.<\/p>\n\n\n\n<h3 class=\"wp-block-heading\">Grillad romansallad med \u00f6rtvin\u00e4grett<\/h3>\n\n\n\n<p>Det h\u00e4r receptet \u00e4r f\u00f6r dig som vill ha ett annorlunda och sofistikerat alternativ. Grilla romansalladsblad kryddade med olivolja, salt och svartpeppar p\u00e5 en grill. Till vin\u00e4gretten blandar du olivolja, vin\u00e4ger, senap, honung, persilja, basilika och salladsl\u00f6k. Smaka av med salt och svartpeppar och blanda v\u00e4l. Servera den grillade salladen med vin\u00e4gretten p\u00e5 toppen. En explosion av smak!<\/p>\n\n\n\n<h3 class=\"wp-block-heading\">Gr\u00f6n juice med romansallad och frukt<\/h3>\n\n\n\n<p>Det h\u00e4r receptet \u00e4r f\u00f6r dig som \u00e4lskar en n\u00e4ringsrik och uppfriskande juice. Mixa romansalladsblad, \u00e4pple, banan, citronsaft och vatten i en mixer. Om du vill kan du tills\u00e4tta lite ingef\u00e4ra f\u00f6r en kryddig touch. Mixa allt tills det \u00e4r sl\u00e4tt och servera omedelbart. Ett bra s\u00e4tt att b\u00f6rja dagen med energi!<\/p>\n\n\n<div class=\"wp-block-image\">\n<figure class=\"aligncenter\"><img loading=\"lazy\" decoding=\"async\" width=\"1024\" height=\"576\" src=\"http:\/\/cozinhadave.com\/wp-content\/uploads\/2023\/08\/Salada-de-Alface-Romana-com-Molho-Citrico.jpg\" alt=\"Sallad med romansallad och citrusdressing\" class=\"wp-image-16977\" title=\"Sallad med romansallad och citrusdressing\" srcset=\"https:\/\/cozinhadave.com\/wp-content\/uploads\/2023\/08\/Salada-de-Alface-Romana-com-Molho-Citrico.jpg 1024w, https:\/\/cozinhadave.com\/wp-content\/uploads\/2023\/08\/Salada-de-Alface-Romana-com-Molho-Citrico-300x169.jpg 300w, https:\/\/cozinhadave.com\/wp-content\/uploads\/2023\/08\/Salada-de-Alface-Romana-com-Molho-Citrico-768x432.jpg 768w, https:\/\/cozinhadave.com\/wp-content\/uploads\/2023\/08\/Salada-de-Alface-Romana-com-Molho-Citrico-18x10.jpg 18w, https:\/\/cozinhadave.com\/wp-content\/uploads\/2023\/08\/Salada-de-Alface-Romana-com-Molho-Citrico-480x270.jpg 480w\" sizes=\"auto, (max-width: 1024px) 100vw, 1024px\" \/><\/figure>\n<\/div>\n\n\n<h2 class=\"wp-block-heading\">Sallad med romansallad och citrusdressing<\/h2>\n\n\n\n<p>Om du letar efter en uppfriskande och v\u00e4lsmakande sallad att njuta av p\u00e5 sommaren, prova denna romansallad med citrusdressing! Den perfekta kombinationen av romansallatens krispighet och dressingens citrussmak g\u00f6r att du kommer att bli f\u00f6r\u00e4lskad i det h\u00e4r receptet.<\/p>\n\n\n\n<p>Jag \u00e4lskar den h\u00e4r salladen eftersom den \u00e4r l\u00e4tt att tillaga och dessutom v\u00e4ldigt h\u00e4lsosam! Romansallat \u00e4r rik p\u00e5 vitaminer och fibrer och \u00e4r dessutom en bra vattenk\u00e4lla.<\/p>\n\n\n\n<p>F\u00f6r att g\u00f6ra denna sallad, b\u00f6rja med att tv\u00e4tta och torka salladsbladen v\u00e4l. Sk\u00e4r dem sedan i bitar eller riv dem med h\u00e4nderna och l\u00e4gg dem i en sk\u00e5l.<\/p>\n\n\n\n<p>Till citruss\u00e5sen beh\u00f6ver du citronsaft, olivolja, honung, dijonsenap, hackad vitl\u00f6k, salt och svartpeppar. Blanda alla ingredienser i en sk\u00e5l till en sl\u00e4t smet.<\/p>\n\n\n\n<p>H\u00e4ll dressingen \u00f6ver romansalladsbladen och blanda v\u00e4l. Om du vill kan du l\u00e4gga till andra ingredienser i salladen, t.ex. tomater, r\u00f6dl\u00f6k, rivna mor\u00f6tter eller krutonger.<\/p>\n\n\n\n<p>Den h\u00e4r salladen passar perfekt till grillat k\u00f6tt som kyckling eller fisk, men den kan ocks\u00e5 vara en l\u00e4tt m\u00e5ltid p\u00e5 egen hand. Prova och njut!<\/p>\n\n\n<div class=\"wp-block-image\">\n<figure class=\"aligncenter\"><img loading=\"lazy\" decoding=\"async\" width=\"1024\" height=\"576\" src=\"http:\/\/cozinhadave.com\/wp-content\/uploads\/2023\/08\/Salada-de-Alface-Romana-com-Molho-Citrico-1.jpg\" alt=\"Sallad med romansallad och citrusdressing\" class=\"wp-image-16978\" title=\"Sallad med romansallad och citrusdressing\" srcset=\"https:\/\/cozinhadave.com\/wp-content\/uploads\/2023\/08\/Salada-de-Alface-Romana-com-Molho-Citrico-1.jpg 1024w, https:\/\/cozinhadave.com\/wp-content\/uploads\/2023\/08\/Salada-de-Alface-Romana-com-Molho-Citrico-1-300x169.jpg 300w, https:\/\/cozinhadave.com\/wp-content\/uploads\/2023\/08\/Salada-de-Alface-Romana-com-Molho-Citrico-1-768x432.jpg 768w, https:\/\/cozinhadave.com\/wp-content\/uploads\/2023\/08\/Salada-de-Alface-Romana-com-Molho-Citrico-1-18x10.jpg 18w, https:\/\/cozinhadave.com\/wp-content\/uploads\/2023\/08\/Salada-de-Alface-Romana-com-Molho-Citrico-1-480x270.jpg 480w\" sizes=\"auto, (max-width: 1024px) 100vw, 1024px\" \/><\/figure>\n<\/div>\n\n\n<h2 class=\"wp-block-heading\">Wrap med romansallad och grillad kyckling<\/h2>\n\n\n\n<p>Jag \u00e4lskar att prova nya, h\u00e4lsosamma recept! Och den h\u00e4r Romaine Lettuce Wrap med grillad kyckling \u00e4r ett utm\u00e4rkt alternativ f\u00f6r dig som vill h\u00e5lla dig i form utan att ge avkall p\u00e5 smaken.<\/p>\n\n\n\n<p>Du kommer att beh\u00f6va<\/p>\n\n\n\n<figure class=\"wp-block-table\"><table><tbody><tr><th>Ingredienser<\/th><th>M\u00e4ngden<\/th><\/tr><tr><td>Kycklingbr\u00f6st<\/td><td>200 g<\/td><\/tr><tr><td>Romansallad<\/td><td>2 ark<\/td><\/tr><tr><td>Riven morot<\/td><td>1\/2 kopp<\/td><\/tr><tr><td>Hackad r\u00f6d paprika<\/td><td>1\/2 kopp<\/td><\/tr><tr><td>Hackad r\u00f6dl\u00f6k<\/td><td>1\/4 kopp<\/td><\/tr><tr><td>Olivolja<\/td><td>2 matskedar<\/td><\/tr><tr><td>Salt och peppar<\/td><td>Att smaka<\/td><\/tr><\/tbody><\/table><\/figure>\n\n\n\n<p>Metod f\u00f6r beredning:<\/p>\n\n\n\n<ol class=\"wp-block-list\">\n<li>Krydda kycklingbr\u00f6sten med salt, peppar och en matsked olivolja.<\/li>\n\n\n\n<li>Grilla kycklingen tills den \u00e4r helt genomstekt.<\/li>\n\n\n\n<li>Hacka kycklingen i sm\u00e5 bitar.<\/li>\n\n\n\n<li>Sk\u00e4r romansalladsbladen i halvor p\u00e5 l\u00e4ngden.<\/li>\n\n\n\n<li>L\u00e4gg p\u00e5 varje halva av salladsbladet lite riven morot, r\u00f6d paprika, r\u00f6dl\u00f6k och den grillade kycklingen.<\/li>\n\n\n\n<li>Ringla \u00f6ver en matsked olivolja.<\/li>\n\n\n\n<li>Rulla ihop salladen som en wrap.<\/li>\n\n\n\n<li>Servera genast.<\/li>\n<\/ol>\n\n\n\n<p>Den h\u00e4r wrapsen \u00e4r \u00e4nnu godare med en uppfriskande gr\u00f6n juice. Prova att g\u00f6ra <a href=\"#suco-verde\">Gr\u00f6n juice med romansallad och frukt<\/a> f\u00f6r att g\u00e5 med den!<\/p>\n\n\n<div class=\"wp-block-image\">\n<figure class=\"aligncenter\"><img loading=\"lazy\" decoding=\"async\" width=\"1024\" height=\"576\" src=\"http:\/\/cozinhadave.com\/wp-content\/uploads\/2023\/08\/Wrap-de-alface-romana-com-frango-grelhado.jpg\" alt=\"Salladswrap med romansallad och grillad kyckling\" class=\"wp-image-16979\" title=\"Salladswrap med romansallad och grillad kyckling\" srcset=\"https:\/\/cozinhadave.com\/wp-content\/uploads\/2023\/08\/Wrap-de-alface-romana-com-frango-grelhado.jpg 1024w, https:\/\/cozinhadave.com\/wp-content\/uploads\/2023\/08\/Wrap-de-alface-romana-com-frango-grelhado-300x169.jpg 300w, https:\/\/cozinhadave.com\/wp-content\/uploads\/2023\/08\/Wrap-de-alface-romana-com-frango-grelhado-768x432.jpg 768w, https:\/\/cozinhadave.com\/wp-content\/uploads\/2023\/08\/Wrap-de-alface-romana-com-frango-grelhado-18x10.jpg 18w, https:\/\/cozinhadave.com\/wp-content\/uploads\/2023\/08\/Wrap-de-alface-romana-com-frango-grelhado-480x270.jpg 480w\" sizes=\"auto, (max-width: 1024px) 100vw, 1024px\" \/><\/figure>\n<\/div>\n\n\n<h2 class=\"wp-block-heading\">Fylld romansallad med quinoa och gr\u00f6nsaker<\/h2>\n\n\n\n<p>Jag vet inte hur det \u00e4r med dig, men jag \u00e4r helt f\u00f6r\u00e4lskad i r\u00e4tter som erbjuder en blandning av smaker, texturer och n\u00e4rings\u00e4mnen, allt p\u00e5 ett och samma st\u00e4lle. Det h\u00e4r receptet \u00e4r precis som det: en explosion av smaker och n\u00e4rings\u00e4mnen som kommer att tillfredsst\u00e4lla dina smakl\u00f6kar och din hunger. Och det b\u00e4sta av allt? Det \u00e4r l\u00e4tt att tillaga!<\/p>\n\n\n\n<p>F\u00f6r att komma ig\u00e5ng beh\u00f6ver du<\/p>\n\n\n\n<figure class=\"wp-block-table\"><table><tbody><tr><th>Ingredienser<\/th><th>M\u00e4ngden<\/th><\/tr><tr><td>Romansallad<\/td><td>2 huvuden<\/td><\/tr><tr><td>Quinoa<\/td><td>1 kopp<\/td><\/tr><tr><td>Vatten<\/td><td>2 koppar<\/td><\/tr><tr><td>salt-<\/td><td>1 tesked<\/td><\/tr><tr><td>Olivolja<\/td><td>1 matsked<\/td><\/tr><tr><td>L\u00f6k<\/td><td>1\/2 kopp<\/td><\/tr><tr><td>Vitl\u00f6k<\/td><td>3 t\u00e4nder<\/td><\/tr><tr><td>Morot<\/td><td>1\/2 kopp<\/td><\/tr><tr><td>R\u00f6d chili<\/td><td>1\/2 kopp<\/td><\/tr><tr><td>Svampar<\/td><td>1 kopp<\/td><\/tr><tr><td>\u00c4rtor<\/td><td>1 kopp<\/td><\/tr><tr><td>Hackad persilja<\/td><td>1\/4 kopp<\/td><\/tr><tr><td>Apelsin (juice)<\/td><td>1\/4 kopp<\/td><\/tr><tr><td>Citron (juice)<\/td><td>1\/4 kopp<\/td><\/tr><tr><td>Dijonsenap<\/td><td>1 matsked<\/td><\/tr><tr><td>Olivolja<\/td><td>1\/4 kopp<\/td><\/tr><tr><td>Salt och peppar<\/td><td>Att smaka<\/td><\/tr><\/tbody><\/table><\/figure>\n\n\n\n<p>F\u00f6lj dessa steg f\u00f6r att f\u00f6rbereda den:<\/p>\n\n\n\n<ol class=\"nv-cv-m wp-block-list\">\n<li>V\u00e4rm ugnen till 180\u00baC.<\/li>\n\n\n\n<li>Dela sallatshuvudena p\u00e5 mitten och ta bort k\u00e4rnhuset.<\/li>\n\n\n\n<li>Koka quinoan i tv\u00e5 koppar vatten med en tesked salt i en kastrull i cirka 15 minuter eller tills den \u00e4r mjuk. L\u00e5t svalna.<\/li>\n\n\n\n<li>Medan quinoan kokar v\u00e4rmer du en matsked olivolja i en stekpanna och fr\u00e4ser l\u00f6k och vitl\u00f6k tills de \u00e4r mjuka. Tills\u00e4tt mor\u00f6tter, paprika, champinjoner och \u00e4rtor och fr\u00e4s ytterligare n\u00e5gra minuter. Krydda med salt och peppar efter smak.<\/li>\n\n\n\n<li>Blanda den kokta quinoan, de sauterade gr\u00f6nsakerna och den hackade persiljan i en sk\u00e5l. Fyll salladshalvorna med blandningen och l\u00e4gg dem p\u00e5 ett bakpl\u00e5tspapper.<\/li>\n\n\n\n<li>Rosta salladshalvorna i ca 10 minuter.<\/li>\n\n\n\n<li>G\u00f6r under tiden citruss\u00e5sen genom att blanda apelsinjuice, citronjuice, dijonsenap, olivolja, salt och svartpeppar.<\/li>\n\n\n\n<li>Ta ut salladshalvorna ur ugnen och ringla \u00f6ver citrusdressingen.<\/li>\n\n\n\n<li>Servera genast och njut!<\/li>\n<\/ol>\n\n\n\n<p>Det h\u00e4r receptet \u00e4r en explosion av smaker och konsistenser som kommer att g\u00f6ra dina smakl\u00f6kar glada och din kropp frisk. Dessutom \u00e4r det ett utm\u00e4rkt alternativ om du \u00e4r ute efter en vegetarisk eller vegansk m\u00e5ltid. Vad \u00e4r det du v\u00e4ntar p\u00e5?<\/p>\n\n\n<div class=\"wp-block-image\">\n<figure class=\"aligncenter\"><img loading=\"lazy\" decoding=\"async\" width=\"1024\" height=\"576\" src=\"http:\/\/cozinhadave.com\/wp-content\/uploads\/2023\/08\/Alface-Romana-Recheada-com-Quinoa-e-Legumes.jpg\" alt=\"Fylld romansallad med quinoa och gr\u00f6nsaker\" class=\"wp-image-16980\" title=\"Fylld romansallad med quinoa och gr\u00f6nsaker\" srcset=\"https:\/\/cozinhadave.com\/wp-content\/uploads\/2023\/08\/Alface-Romana-Recheada-com-Quinoa-e-Legumes.jpg 1024w, https:\/\/cozinhadave.com\/wp-content\/uploads\/2023\/08\/Alface-Romana-Recheada-com-Quinoa-e-Legumes-300x169.jpg 300w, https:\/\/cozinhadave.com\/wp-content\/uploads\/2023\/08\/Alface-Romana-Recheada-com-Quinoa-e-Legumes-768x432.jpg 768w, https:\/\/cozinhadave.com\/wp-content\/uploads\/2023\/08\/Alface-Romana-Recheada-com-Quinoa-e-Legumes-18x10.jpg 18w, https:\/\/cozinhadave.com\/wp-content\/uploads\/2023\/08\/Alface-Romana-Recheada-com-Quinoa-e-Legumes-480x270.jpg 480w\" sizes=\"auto, (max-width: 1024px) 100vw, 1024px\" \/><\/figure>\n<\/div>\n\n\n<h2 class=\"wp-block-heading\">Grillad romansallad med \u00f6rtvin\u00e4grett<\/h2>\n\n\n\n<p>Nu n\u00e4r vi har l\u00e4rt oss om romansallatens h\u00e4lsof\u00f6rdelar och l\u00e4ckra recept med den, \u00e4r det dags att l\u00e4ra sig hur man tillagar den grillad med en smakrik \u00f6rtvin\u00e4grett.<\/p>\n\n\n\n<p>F\u00f6r detta recept beh\u00f6ver du<\/p>\n\n\n\n<figure class=\"wp-block-table\"><table><tbody><tr><th>Ingredienser<\/th><th>M\u00e4ngden<\/th><\/tr><tr><td>Romansallad<\/td><td>1 stor enhet<\/td><\/tr><tr><td>Olivolja<\/td><td>2 matskedar<\/td><\/tr><tr><td>F\u00e4rska \u00f6rter (persilja, salladsl\u00f6k, basilika, koriander)<\/td><td>1 kopp<\/td><\/tr><tr><td>Citron<\/td><td>1 enhet<\/td><\/tr><tr><td>salt-<\/td><td>Att smaka<\/td><\/tr><\/tbody><\/table><\/figure>\n\n\n\n<p>Metod f\u00f6r beredning:<\/p>\n\n\n\n<ol class=\"nv-cv-m wp-block-list\">\n<li>V\u00e4rm upp grillen till medelv\u00e4rme.<\/li>\n\n\n\n<li>Sk\u00e4r romansalladen i fyra bitar, men beh\u00e5ll basen intakt.<\/li>\n\n\n\n<li>Pensla b\u00e5da sidorna av bladen med olivolja.<\/li>\n\n\n\n<li>Krydda med salt efter smak.<\/li>\n\n\n\n<li>L\u00e4gg salladen p\u00e5 grillen och grilla 2-3 minuter p\u00e5 varje sida tills den \u00e4r l\u00e4tt brynt.<\/li>\n\n\n\n<li>Medan salladen grillar f\u00f6rbereder du \u00f6rtvin\u00e4gretten. Blanda de hackade \u00f6rterna, citronsaften och olivoljan i en sk\u00e5l. Smaka av med salt.<\/li>\n\n\n\n<li>Ta bort salladen fr\u00e5n grillen och l\u00e4gg upp p\u00e5 en tallrik. Ringla \u00f6ver \u00f6rtvin\u00e4gretten och servera omedelbart.<\/li>\n<\/ol>\n\n\n\n<p>Detta recept p\u00e5 grillad romansallad med \u00f6rtvin\u00e4grett \u00e4r ett utm\u00e4rkt val f\u00f6r en h\u00e4lsosam och v\u00e4lsmakande f\u00f6rr\u00e4tt. Dessutom \u00e4r det snabbt och enkelt att f\u00f6rbereda. Prova det och \u00f6verraska dina g\u00e4ster!<\/p>\n\n\n<div class=\"wp-block-image\">\n<figure class=\"aligncenter\"><img loading=\"lazy\" decoding=\"async\" width=\"1024\" height=\"576\" src=\"http:\/\/cozinhadave.com\/wp-content\/uploads\/2023\/08\/alface-grelhada-com-vinagrete.jpg\" alt=\"grillad sallad med vin\u00e4grett\" class=\"wp-image-16981\" title=\"grillad sallad med vin\u00e4grett\" srcset=\"https:\/\/cozinhadave.com\/wp-content\/uploads\/2023\/08\/alface-grelhada-com-vinagrete.jpg 1024w, https:\/\/cozinhadave.com\/wp-content\/uploads\/2023\/08\/alface-grelhada-com-vinagrete-300x169.jpg 300w, https:\/\/cozinhadave.com\/wp-content\/uploads\/2023\/08\/alface-grelhada-com-vinagrete-768x432.jpg 768w, https:\/\/cozinhadave.com\/wp-content\/uploads\/2023\/08\/alface-grelhada-com-vinagrete-18x10.jpg 18w, https:\/\/cozinhadave.com\/wp-content\/uploads\/2023\/08\/alface-grelhada-com-vinagrete-480x270.jpg 480w\" sizes=\"auto, (max-width: 1024px) 100vw, 1024px\" \/><\/figure>\n<\/div>\n\n\n<h2 class=\"wp-block-heading\">Gr\u00f6n juice med romansallad och frukt<\/h2>\n\n\n\n<p>Har du n\u00e5gonsin provat en gr\u00f6n juice med romansallad och frukt? Det \u00e4r ett uppfriskande och h\u00e4lsosamt alternativ att b\u00f6rja dagen med eller som ett n\u00e4ringsrikt mellanm\u00e5l. Dessutom \u00e4r det superenkelt att tillaga.<\/p>\n\n\n\n<p>Romansallat \u00e4r rik p\u00e5 vitamin A, K, C och folsyra samt mineraler som kalcium och j\u00e4rn. Kombinerat med frukt f\u00e5r du en dryck full av antioxidanter och fibrer.<\/p>\n\n\n\n<p>F\u00f6r att g\u00f6ra den gr\u00f6na juicen med romansallad och frukt beh\u00f6ver du:<\/p>\n\n\n\n<figure class=\"wp-block-table\"><table><tbody><tr><th>Ingredienser<\/th><th>M\u00e4ngden<\/th><\/tr><tr><td>Romansallad<\/td><td>1 stort blad<\/td><\/tr><tr><td>Ananas<\/td><td>1 tjock skiva<\/td><\/tr><tr><td>Apple<\/td><td>1 enhet<\/td><\/tr><tr><td>Kokosn\u00f6tsvatten<\/td><td>200 ml<\/td><\/tr><\/tbody><\/table><\/figure>\n\n\n\n<p>Metod f\u00f6r beredning:<\/p>\n\n\n\n<ol class=\"nv-cv-d nv-cv-m wp-block-list\">\n<li>Tv\u00e4tta romansalladen v\u00e4l och sk\u00e4r den i sm\u00e5 bitar.<\/li>\n\n\n\n<li>Skala och t\u00e4rna \u00e4pplet.<\/li>\n\n\n\n<li>Sk\u00e4r ananasen i bitar och ta bort k\u00e4rnan.<\/li>\n\n\n\n<li>L\u00e4gg alla ingredienser i en mixer och mixa till en sl\u00e4t blandning.<\/li>\n\n\n\n<li>Om du vill kan du tills\u00e4tta is och mixa igen.<\/li>\n<\/ol>\n\n\n\n<p>Nu \u00e4r den klar! Din gr\u00f6na juice med romansallad och frukt \u00e4r klar att avnjutas.<\/p>\n\n\n\n<p>F\u00f6r att g\u00f6ra din juice \u00e4nnu godare och mer n\u00e4ringsrik, vad s\u00e4gs om att l\u00e4gga till en sked chia? F\u00f6rutom att det ger mer fibrer hj\u00e4lper det till att stilla hungern och kontrollera aptiten.<\/p>\n\n\n\n<p>Sl\u00f6sa inte tid utan prova det h\u00e4r l\u00e4ckra receptet p\u00e5 gr\u00f6n juice med romansallad och frukt. Din kropp kommer att tacka dig!<\/p>\n\n\n<div class=\"wp-block-image\">\n<figure class=\"aligncenter\"><img loading=\"lazy\" decoding=\"async\" width=\"1024\" height=\"576\" src=\"http:\/\/cozinhadave.com\/wp-content\/uploads\/2023\/08\/suco-verde.jpg\" alt=\"gr\u00f6n juice\" class=\"wp-image-16982\" title=\"gr\u00f6n juice\" srcset=\"https:\/\/cozinhadave.com\/wp-content\/uploads\/2023\/08\/suco-verde.jpg 1024w, https:\/\/cozinhadave.com\/wp-content\/uploads\/2023\/08\/suco-verde-300x169.jpg 300w, https:\/\/cozinhadave.com\/wp-content\/uploads\/2023\/08\/suco-verde-768x432.jpg 768w, https:\/\/cozinhadave.com\/wp-content\/uploads\/2023\/08\/suco-verde-18x10.jpg 18w, https:\/\/cozinhadave.com\/wp-content\/uploads\/2023\/08\/suco-verde-480x270.jpg 480w\" sizes=\"auto, (max-width: 1024px) 100vw, 1024px\" \/><\/figure>\n<\/div>\n\n\n<h2 class=\"wp-block-heading\">Slutsats<\/h2>\n\n\n\n<p>Jag hoppas att du har haft n\u00f6jet att uppt\u00e4cka de m\u00e5nga f\u00f6rdelar och l\u00e4ckra recept som romansallat har att erbjuda. Jag blev sj\u00e4lv f\u00f6rv\u00e5nad \u00f6ver hur m\u00e5ngsidig denna gr\u00f6nsak \u00e4r!<\/p>\n\n\n\n<p>Romansallat \u00e4r inte bara ett h\u00e4lsosamt alternativ i kosten, utan kan ocks\u00e5 anv\u00e4ndas i en m\u00e4ngd olika beredningar, fr\u00e5n sallader till gr\u00f6na juicer. Och allt med en mild, uppfriskande smak.<\/p>\n\n\n\n<p>Nu n\u00e4r du vet mer om romansallat, vad s\u00e4gs om att prova ett av recepten jag har delat h\u00e4r? Jag \u00e4r s\u00e4ker p\u00e5 att du inte kommer att \u00e5ngra det.<\/p>\n\n\n\n<p>Och gl\u00f6m inte: en balanserad och h\u00e4lsosam kost \u00e4r grundl\u00e4ggande f\u00f6r att h\u00e5lla v\u00e5ra kroppar i god form och s\u00e4kerst\u00e4lla ett l\u00e5ngt och lyckligt liv. Och romansallat kan vara en bra allierad p\u00e5 den h\u00e4r resan.<\/p>\n\n\n\n<p>Tills n\u00e4sta g\u00e5ng, allihop!<\/p>\n\n\n\n<h2 class=\"wp-block-heading\">Vanliga fr\u00e5gor<\/h2>\n\n\n\n<h2 class=\"wp-block-heading\">Vad \u00e4r romaine sallad?<\/h2>\n\n\n\n<p>Romansallat \u00e4r en sorts krispig, bredbladig sallat som har sitt ursprung i Medelhavsomr\u00e5det. Den k\u00e4nnetecknas av sina l\u00e5nga, spetsiga blad och har en mild, l\u00e4tt bitter smak.<\/p>\n\n\n\n<h2 class=\"wp-block-heading\">Vilka \u00e4r h\u00e4lsof\u00f6rdelarna med romansallad?<\/h2>\n\n\n\n<p>Romansallat \u00e4r en utm\u00e4rkt k\u00e4lla till vitamin A, C och K samt mineraler som kalcium och kalium. Den \u00e4r kalorifattig och fiberrik, vilket underl\u00e4ttar matsm\u00e4ltningen och viktkontrollen. Dessutom bidrar dess antioxidanter till att st\u00e4rka immunf\u00f6rsvaret och bek\u00e4mpa sjukdomar.<\/p>\n\n\n\n<h2 class=\"wp-block-heading\">Vad \u00e4r n\u00e5gra l\u00e4ckra recept som anv\u00e4nder romansallad?<\/h2>\n\n\n\n<p>Det finns m\u00e5nga l\u00e4ckra recept som anv\u00e4nder romansallad. H\u00e4r \u00e4r n\u00e5gra f\u00f6rslag:<\/p>\n\n\n\n<h2 class=\"wp-block-heading\">4. Romansallad med citrusdressing<\/h2>\n\n\n\n<p>Denna uppfriskande sallad kombinerar krispig romansallad med en syrlig citrusdressing. Den \u00e4r perfekt som tillbeh\u00f6r eller som en l\u00e4tt m\u00e5ltid.<\/p>\n\n\n\n<h2 class=\"wp-block-heading\">Wrap med romansallad och grillad kyckling<\/h2>\n\n\n\n<p>Denna h\u00e4lsosamma och v\u00e4lsmakande wrap \u00e4r gjord med romansallad som \"br\u00f6d\" och fylld med grillad kyckling, f\u00e4rska gr\u00f6nsaker och valfri s\u00e5s.<\/p>\n\n\n\n<h2 class=\"wp-block-heading\">Fylld romansallad med quinoa och gr\u00f6nsaker<\/h2>\n\n\n\n<p>Detta vegetariska recept \u00e4r fullt av smak och konsistens. Romansallat fylls med en blandning av quinoa, f\u00e4rska gr\u00f6nsaker och aromatiska kryddor.<\/p>\n\n\n\n<h2 class=\"wp-block-heading\">Grillad romansallad med \u00f6rtvin\u00e4grett<\/h2>\n\n\n\n<p>Det h\u00e4r receptet ger romansalladen en gourmetk\u00e4nsla. Bladen grillas tills de \u00e4r lite krispiga och serveras med en l\u00e4cker \u00f6rtvin\u00e4grett.<\/p>\n\n\n\n<h2 class=\"wp-block-heading\">8. Gr\u00f6n juice med romansallad och frukt<\/h2>\n\n\n\n<p>Den h\u00e4r gr\u00f6na juicen \u00e4r ett uppfriskande och h\u00e4lsosamt s\u00e4tt att njuta av alla f\u00f6rdelarna med romansallat. Den kombinerar salladen med f\u00e4rsk frukt f\u00f6r en uts\u00f6kt smak.<\/p>","protected":false},"excerpt":{"rendered":"<p>Ol\u00e1, meus queridos leitores! Se voc\u00eas est\u00e3o procurando por uma maneira de tornar suas saladas mais saborosas e nutritivas, t\u00eam que conhecer a alface romana! Al\u00e9m de ser vers\u00e1til e deliciosa, a alface romana tamb\u00e9m \u00e9 uma excelente op\u00e7\u00e3o para quem busca uma alimenta\u00e7\u00e3o saud\u00e1vel. Neste artigo, vou apresentar os benef\u00edcios que a alface romana&hellip;&nbsp;<\/p>\n<div class=\"read-more-wrapper\"><a href=\"https:\/\/cozinhadave.com\/sv\/romainesallat\/\" class=\"button button-secondary\" rel=\"bookmark\">L\u00e4s mer \"<span class=\"screen-reader-text\">Romaine Salat: Uppt\u00e4ck f\u00f6rdelarna och de l\u00e4ckra recepten h\u00e4r!<\/span><\/a><\/div>","protected":false},"author":3,"featured_media":16516,"comment_status":"closed","ping_status":"open","sticky":false,"template":"","format":"standard","meta":{"_uag_custom_page_level_css":"","wprm-recipe-roundup-name":"","wprm-recipe-roundup-description":"","neve_meta_sidebar":"","neve_meta_container":"","neve_meta_enable_content_width":"","neve_meta_content_width":0,"neve_meta_title_alignment":"","neve_meta_author_avatar":"","neve_post_elements_order":"","neve_meta_disable_header":"","neve_meta_disable_footer":"","neve_meta_disable_title":"","neve_meta_reading_time":"","footnotes":""},"categories":[2318,1436],"tags":[],"class_list":["post-16973","post","type-post","status-publish","format-standard","has-post-thumbnail","hentry","category-legumes","category-ingredientes"],"uagb_featured_image_src":{"full":["https:\/\/cozinhadave.com\/wp-content\/uploads\/2023\/08\/Alface-romana-como-ingrediente-principal.jpg",1456,816,false],"thumbnail":["https:\/\/cozinhadave.com\/wp-content\/uploads\/2023\/08\/Alface-romana-como-ingrediente-principal-150x150.jpg",150,150,true],"medium":["https:\/\/cozinhadave.com\/wp-content\/uploads\/2023\/08\/Alface-romana-como-ingrediente-principal-300x168.jpg",300,168,true],"medium_large":["https:\/\/cozinhadave.com\/wp-content\/uploads\/2023\/08\/Alface-romana-como-ingrediente-principal-768x430.jpg",768,430,true],"large":["https:\/\/cozinhadave.com\/wp-content\/uploads\/2023\/08\/Alface-romana-como-ingrediente-principal-1024x574.jpg",1024,574,true],"1536x1536":["https:\/\/cozinhadave.com\/wp-content\/uploads\/2023\/08\/Alface-romana-como-ingrediente-principal.jpg",1456,816,false],"2048x2048":["https:\/\/cozinhadave.com\/wp-content\/uploads\/2023\/08\/Alface-romana-como-ingrediente-principal.jpg",1456,816,false],"trp-custom-language-flag":["https:\/\/cozinhadave.com\/wp-content\/uploads\/2023\/08\/Alface-romana-como-ingrediente-principal-18x10.jpg",18,10,true],"ultp_layout_landscape_large":["https:\/\/cozinhadave.com\/wp-content\/uploads\/2023\/08\/Alface-romana-como-ingrediente-principal-1200x800.jpg",1200,800,true],"ultp_layout_landscape":["https:\/\/cozinhadave.com\/wp-content\/uploads\/2023\/08\/Alface-romana-como-ingrediente-principal-870x570.jpg",870,570,true],"ultp_layout_portrait":["https:\/\/cozinhadave.com\/wp-content\/uploads\/2023\/08\/Alface-romana-como-ingrediente-principal-600x816.jpg",600,816,true],"ultp_layout_square":["https:\/\/cozinhadave.com\/wp-content\/uploads\/2023\/08\/Alface-romana-como-ingrediente-principal-600x600.jpg",600,600,true],"wprm-metadata-1_1":["https:\/\/cozinhadave.com\/wp-content\/uploads\/2023\/08\/Alface-romana-como-ingrediente-principal-500x500.jpg",500,500,true],"wprm-metadata-4_3":["https:\/\/cozinhadave.com\/wp-content\/uploads\/2023\/08\/Alface-romana-como-ingrediente-principal-500x375.jpg",500,375,true],"wprm-metadata-16_9":["https:\/\/cozinhadave.com\/wp-content\/uploads\/2023\/08\/Alface-romana-como-ingrediente-principal-480x270.jpg",480,270,true],"neve-blog":["https:\/\/cozinhadave.com\/wp-content\/uploads\/2023\/08\/Alface-romana-como-ingrediente-principal-930x620.jpg",930,620,true]},"uagb_author_info":{"display_name":"Ver\u00f4nica Ribeiro","author_link":"https:\/\/cozinhadave.com\/sv\/author\/veronica-ribeiro\/"},"uagb_comment_info":0,"uagb_excerpt":"Ol\u00e1, meus queridos leitores! Se voc\u00eas est\u00e3o procurando por uma maneira de tornar suas saladas mais saborosas e nutritivas, t\u00eam que conhecer a alface romana! Al\u00e9m de ser vers\u00e1til e deliciosa, a alface romana tamb\u00e9m \u00e9 uma excelente op\u00e7\u00e3o para quem busca uma alimenta\u00e7\u00e3o saud\u00e1vel. Neste artigo, vou apresentar os benef\u00edcios que a alface romana&hellip;&nbsp;Ler&hellip;","_links":{"self":[{"href":"https:\/\/cozinhadave.com\/sv\/wp-json\/wp\/v2\/posts\/16973","targetHints":{"allow":["GET"]}}],"collection":[{"href":"https:\/\/cozinhadave.com\/sv\/wp-json\/wp\/v2\/posts"}],"about":[{"href":"https:\/\/cozinhadave.com\/sv\/wp-json\/wp\/v2\/types\/post"}],"author":[{"embeddable":true,"href":"https:\/\/cozinhadave.com\/sv\/wp-json\/wp\/v2\/users\/3"}],"replies":[{"embeddable":true,"href":"https:\/\/cozinhadave.com\/sv\/wp-json\/wp\/v2\/comments?post=16973"}],"version-history":[{"count":0,"href":"https:\/\/cozinhadave.com\/sv\/wp-json\/wp\/v2\/posts\/16973\/revisions"}],"wp:featuredmedia":[{"embeddable":true,"href":"https:\/\/cozinhadave.com\/sv\/wp-json\/wp\/v2\/media\/16516"}],"wp:attachment":[{"href":"https:\/\/cozinhadave.com\/sv\/wp-json\/wp\/v2\/media?parent=16973"}],"wp:term":[{"taxonomy":"category","embeddable":true,"href":"https:\/\/cozinhadave.com\/sv\/wp-json\/wp\/v2\/categories?post=16973"},{"taxonomy":"post_tag","embeddable":true,"href":"https:\/\/cozinhadave.com\/sv\/wp-json\/wp\/v2\/tags?post=16973"}],"curies":[{"name":"wp","href":"https:\/\/api.w.org\/{rel}","templated":true}]}}