{"id":16825,"date":"2023-08-25T10:58:00","date_gmt":"2023-08-25T10:58:00","guid":{"rendered":"http:\/\/cozinhadave.com\/?p=16825"},"modified":"2023-08-23T19:20:05","modified_gmt":"2023-08-23T19:20:05","slug":"guandu-bonor","status":"publish","type":"post","link":"https:\/\/cozinhadave.com\/sv\/guandu-bonor\/","title":{"rendered":"Guandu-b\u00f6nor: min smakfulla uppt\u00e4ckt i det brasilianska k\u00f6ket"},"content":{"rendered":"<figure class=\"wp-block-image size-full\"><img loading=\"lazy\" decoding=\"async\" width=\"1024\" height=\"576\" src=\"http:\/\/cozinhadave.com\/wp-content\/uploads\/2023\/08\/Feijao-guandu.jpg\" alt=\"Guandu-b\u00f6nor\" class=\"wp-image-16826\" srcset=\"https:\/\/cozinhadave.com\/wp-content\/uploads\/2023\/08\/Feijao-guandu.jpg 1024w, https:\/\/cozinhadave.com\/wp-content\/uploads\/2023\/08\/Feijao-guandu-300x169.jpg 300w, https:\/\/cozinhadave.com\/wp-content\/uploads\/2023\/08\/Feijao-guandu-768x432.jpg 768w, https:\/\/cozinhadave.com\/wp-content\/uploads\/2023\/08\/Feijao-guandu-18x10.jpg 18w, https:\/\/cozinhadave.com\/wp-content\/uploads\/2023\/08\/Feijao-guandu-480x270.jpg 480w\" sizes=\"auto, (max-width: 1024px) 100vw, 1024px\" \/><\/figure>\n\n\n\n<h2 class=\"wp-block-heading\">Guandu-b\u00f6nor: min smakfulla uppt\u00e4ckt i det brasilianska k\u00f6ket<\/h2>\n\n\n\n<p>N\u00e4r jag b\u00f6rjade utforska det brasilianska k\u00f6ket var det guandub\u00f6nan som \u00f6verraskade mig med sin unika smak och kr\u00e4miga konsistens. Det \u00e4r en ingrediens som jag aldrig hade h\u00f6rt talas om tidigare, men nu \u00e4r den en viktig del av min matlagning.<\/p>\n\n\n\n<p>Guandub\u00f6nan \u00e4r en liten, gul b\u00f6na fr\u00e5n Afrika som har blivit en viktig ingrediens i det brasilianska k\u00f6ket. Den \u00e4r l\u00e4tt att tillaga och har en mjuk, kr\u00e4mig konsistens, vilket g\u00f6r den till ett popul\u00e4rt val f\u00f6r soppor, grytor och vegetariska r\u00e4tter.<\/p>\n\n\n\n<h2 class=\"wp-block-heading\">Huvudsakliga slutsatser<\/h2>\n\n\n\n<ul class=\"wp-block-list\">\n<li>Guandu-b\u00f6nor \u00e4r en viktig ingrediens i det brasilianska k\u00f6ket<\/li>\n\n\n\n<li>Den har en mjuk, kr\u00e4mig konsistens som g\u00f6r den popul\u00e4r i soppor, grytor och vegetariska r\u00e4tter.<\/li>\n\n\n\n<li>Den \u00e4r l\u00e4tt att laga och har en unik och uts\u00f6kt smak<\/li>\n<\/ul>\n\n\n\n<figure class=\"wp-block-embed is-provider-youtube wp-block-embed-youtube\"><div class=\"wp-block-embed__wrapper\">\n<div class=\"nv-iframe-embed\"><iframe loading=\"lazy\" title=\"F\u00f6rdelar med Andu-b\u00f6nor | Gr\u00f6nsaker AZ | Total h\u00e4lsa\" width=\"1200\" height=\"675\" src=\"https:\/\/www.youtube.com\/embed\/GVjVHS09UlI?feature=oembed\" frameborder=\"0\" allow=\"accelerometer; autoplay; clipboard-write; encrypted-media; gyroscope; picture-in-picture; web-share\" referrerpolicy=\"strict-origin-when-cross-origin\" allowfullscreen><\/iframe><\/div>\n<\/div><\/figure>\n\n\n\n<h2 class=\"wp-block-heading\">Vad \u00e4r Guandu-b\u00f6nor?<\/h2>\n\n\n\n<p><strong>Om du inte har h\u00f6rt talas om Guandu-b\u00f6nor \u00e4n, s\u00e5 vill jag g\u00e4rna introducera dig till denna uts\u00f6kta smak! De kommer ursprungligen fr\u00e5n Afrika, men \u00e4r mycket popul\u00e4ra i det brasilianska k\u00f6ket, s\u00e4rskilt i nord\u00f6stra Brasilien. Guandu-b\u00f6nor \u00e4r k\u00e4nda f\u00f6r att ha en mycket distinkt smak och f\u00f6r att vara extremt m\u00e5ngsidiga i k\u00f6ket.<\/strong><\/p>\n\n\n\n<p>Dessutom \u00e4r <a href=\"https:\/\/terramagna.com.br\/blog\/feijao-guandu\/\" data-type=\"link\" data-id=\"https:\/\/terramagna.com.br\/blog\/feijao-guandu\/\" target=\"_blank\" rel=\"noopener\">Guandu-b\u00f6nor<\/a> \u00e4r en mycket n\u00e4ringsrik baljv\u00e4xt som \u00e4r rik p\u00e5 protein, vitaminer och mineraler. Den \u00e4r en utm\u00e4rkt k\u00e4lla till j\u00e4rn, kalcium och fosfor och \u00e4r dessutom rik p\u00e5 fibrer.<\/p>\n\n\n\n<p>I k\u00f6ket kan Guandu-b\u00f6nor anv\u00e4ndas i en m\u00e4ngd olika r\u00e4tter, fr\u00e5n soppor och grytor till sallader och pajer. De kan kokas, br\u00e4seras, rostas och till och med stekas. Dess konsistens och smak g\u00f6r den till en perfekt ingrediens att kombinera med k\u00f6tt, ris, gr\u00f6nsaker och m\u00e5nga andra livsmedel.<\/p>\n\n\n\n<p>Om du inte har provat Guandu-b\u00f6nor \u00e4nnu missar du en m\u00f6jlighet att l\u00e4ra k\u00e4nna en av de godaste och mest n\u00e4ringsrika baljv\u00e4xterna i det brasilianska k\u00f6ket.<\/p>\n\n\n<div class=\"wp-block-image\">\n<figure class=\"aligncenter\"><img loading=\"lazy\" decoding=\"async\" width=\"1024\" height=\"576\" src=\"http:\/\/cozinhadave.com\/wp-content\/uploads\/2023\/08\/Feijao-Guandu-1.jpg\" alt=\"Guandu-b\u00f6nor\" class=\"wp-image-16827\" title=\"Guandu-b\u00f6nor\" srcset=\"https:\/\/cozinhadave.com\/wp-content\/uploads\/2023\/08\/Feijao-Guandu-1.jpg 1024w, https:\/\/cozinhadave.com\/wp-content\/uploads\/2023\/08\/Feijao-Guandu-1-300x169.jpg 300w, https:\/\/cozinhadave.com\/wp-content\/uploads\/2023\/08\/Feijao-Guandu-1-768x432.jpg 768w, https:\/\/cozinhadave.com\/wp-content\/uploads\/2023\/08\/Feijao-Guandu-1-18x10.jpg 18w, https:\/\/cozinhadave.com\/wp-content\/uploads\/2023\/08\/Feijao-Guandu-1-480x270.jpg 480w\" sizes=\"auto, (max-width: 1024px) 100vw, 1024px\" \/><\/figure>\n<\/div>\n\n\n<h2 class=\"wp-block-heading\">Guandub\u00f6nornas n\u00e4ringsm\u00e4ssiga egenskaper<\/h2>\n\n\n\n<p>F\u00f6rutom att vara uts\u00f6kta \u00e4r guandub\u00f6nor ocks\u00e5 en utm\u00e4rkt k\u00e4lla till n\u00e4rings\u00e4mnen. De inneh\u00e5ller en imponerande m\u00e4ngd protein, med cirka 24 g protein per 100 g kokta guandub\u00f6nor. Det g\u00f6r det till ett utm\u00e4rkt alternativ f\u00f6r vegetarianer och veganer som vill ha en komplett proteink\u00e4lla i sin kost.<\/p>\n\n\n\n<p>Dessutom \u00e4r guandub\u00f6nor rika p\u00e5 vitaminer och mineraler som j\u00e4rn, kalcium, fosfor, magnesium och kalium. J\u00e4rn \u00e4r s\u00e4rskilt viktigt f\u00f6r kvinnor, eftersom m\u00e5nga lider av j\u00e4rnbrist. Kalcium och fosfor \u00e4r bra f\u00f6r benh\u00e4lsan, medan magnesium hj\u00e4lper musklerna och nervsystemet att fungera.<\/p>\n\n\n\n<p>En annan f\u00f6rdel med guandub\u00f6nor \u00e4r att de \u00e4r rika p\u00e5 fibrer, vilket fr\u00e4mjar en god matsm\u00e4ltning och f\u00f6rebygger f\u00f6rstoppningsproblem. Fibrer hj\u00e4lper ocks\u00e5 till att bibeh\u00e5lla m\u00e4ttnadsk\u00e4nslan l\u00e4ngre, vilket hj\u00e4lper till med viktkontroll.<\/p>\n\n\n\n<p>Som om inte det vore nog har guandub\u00f6nor l\u00e5g fetthalt och \u00e4r kolesterolfria, vilket g\u00f6r dem till ett utm\u00e4rkt val f\u00f6r dem som vill f\u00f6lja en h\u00e4lsosam diet.<\/p>\n\n\n\n<h3 class=\"wp-block-heading\">Guandub\u00f6nornas n\u00e4ringsm\u00e4ssiga egenskaper i siffror:<\/h3>\n\n\n\n<figure class=\"wp-block-table\"><table><tbody><tr><th>n\u00e4rings\u00e4mnen<\/th><th>M\u00e4ngd per 100 g kokta guandu-b\u00f6nor<\/th><\/tr><tr><td>Protein<\/td><td>24g<\/td><\/tr><tr><td>Fiber<\/td><td>8g<\/td><\/tr><tr><td>J\u00e4rn<\/td><td>6,3 mg<\/td><\/tr><tr><td>Kalcium<\/td><td>30 mg<\/td><\/tr><tr><td>Fosfor<\/td><td>170 mg<\/td><\/tr><tr><td>Magnesium<\/td><td>96 mg<\/td><\/tr><tr><td>Kalium<\/td><td>436 mg<\/td><\/tr><\/tbody><\/table><\/figure>\n\n\n\n<p>Med s\u00e5 m\u00e5nga h\u00e4lsof\u00f6rdelar finns det ingen urs\u00e4kt f\u00f6r att inte inkludera guandu-b\u00f6nor i din kost.<\/p>\n\n\n<div class=\"wp-block-image\">\n<figure class=\"aligncenter\"><img loading=\"lazy\" decoding=\"async\" width=\"1024\" height=\"576\" src=\"http:\/\/cozinhadave.com\/wp-content\/uploads\/2023\/08\/Feijao-Guandu-com-arroz.jpg\" alt=\"Guandu-b\u00f6nor med ris\" class=\"wp-image-16828\" title=\"Guandu-b\u00f6nor med ris\" srcset=\"https:\/\/cozinhadave.com\/wp-content\/uploads\/2023\/08\/Feijao-Guandu-com-arroz.jpg 1024w, https:\/\/cozinhadave.com\/wp-content\/uploads\/2023\/08\/Feijao-Guandu-com-arroz-300x169.jpg 300w, https:\/\/cozinhadave.com\/wp-content\/uploads\/2023\/08\/Feijao-Guandu-com-arroz-768x432.jpg 768w, https:\/\/cozinhadave.com\/wp-content\/uploads\/2023\/08\/Feijao-Guandu-com-arroz-18x10.jpg 18w, https:\/\/cozinhadave.com\/wp-content\/uploads\/2023\/08\/Feijao-Guandu-com-arroz-480x270.jpg 480w\" sizes=\"auto, (max-width: 1024px) 100vw, 1024px\" \/><\/figure>\n<\/div>\n\n\n<h2 class=\"wp-block-heading\">Guandub\u00f6nornas m\u00e5ngsidighet i k\u00f6ket<\/h2>\n\n\n\n<p>Guandub\u00f6nor \u00e4r en sann g\u00e5va fr\u00e5n det brasilianska k\u00f6ket. Dess m\u00e5ngsidighet g\u00f6r att vi kan anv\u00e4nda den p\u00e5 en m\u00e4ngd olika s\u00e4tt i k\u00f6ket, fr\u00e5n att f\u00f6rbereda huvudr\u00e4tter till salta desserter.<\/p>\n\n\n\n<p>H\u00e4r \u00e4r n\u00e5gra av de mest popul\u00e4ra s\u00e4tten att anv\u00e4nda Guandu-b\u00f6nor i k\u00f6ket:<\/p>\n\n\n\n<figure class=\"wp-block-table\"><table><tbody><tr><th>Form av anv\u00e4ndning<\/th><th>Exempel p\u00e5 matr\u00e4tt<\/th><\/tr><tr><td>Tillagad<\/td><td>Guandu-b\u00f6nor med ris<\/td><\/tr><tr><td>Pur\u00e9<\/td><td>Guandu-b\u00f6npur\u00e9<\/td><\/tr><tr><td>Stekt<\/td><td>Guandu b\u00f6nklimpar<\/td><\/tr><tr><td>S\u00f6t<\/td><td>Guandu Bean Brigadier<\/td><\/tr><\/tbody><\/table><\/figure>\n\n\n\n<p>Guandub\u00f6nor kan ocks\u00e5 anv\u00e4ndas i vegetariska eller veganska recept som ers\u00e4ttning f\u00f6r k\u00f6tt. Dess uts\u00f6kta smak och mjuka konsistens g\u00f6r den till ett utm\u00e4rkt val f\u00f6r dem som vill ha en h\u00e4lsosammare och mer balanserad kost.<\/p>\n\n\n\n<p>Prova att anv\u00e4nda Guandu-b\u00f6nor i dina favoritr\u00e4tter och uppt\u00e4ck hur m\u00e5ngsidiga och l\u00e4ckra de kan vara!<\/p>\n\n\n<div class=\"wp-block-image\">\n<figure class=\"aligncenter\"><img loading=\"lazy\" decoding=\"async\" width=\"1024\" height=\"576\" src=\"http:\/\/cozinhadave.com\/wp-content\/uploads\/2023\/08\/Feijao-Guandu-na-cozinha.jpg\" alt=\"Guandu-b\u00f6nor i k\u00f6ket\" class=\"wp-image-16829\" title=\"Guandu-b\u00f6nor i k\u00f6ket\" srcset=\"https:\/\/cozinhadave.com\/wp-content\/uploads\/2023\/08\/Feijao-Guandu-na-cozinha.jpg 1024w, https:\/\/cozinhadave.com\/wp-content\/uploads\/2023\/08\/Feijao-Guandu-na-cozinha-300x169.jpg 300w, https:\/\/cozinhadave.com\/wp-content\/uploads\/2023\/08\/Feijao-Guandu-na-cozinha-768x432.jpg 768w, https:\/\/cozinhadave.com\/wp-content\/uploads\/2023\/08\/Feijao-Guandu-na-cozinha-18x10.jpg 18w, https:\/\/cozinhadave.com\/wp-content\/uploads\/2023\/08\/Feijao-Guandu-na-cozinha-480x270.jpg 480w\" sizes=\"auto, (max-width: 1024px) 100vw, 1024px\" \/><\/figure>\n<\/div>\n\n\n<h2 class=\"wp-block-heading\">Popul\u00e4ra recept med Guandu-b\u00f6nor<\/h2>\n\n\n\n<p>Om du vill prova l\u00e4ckra, traditionella brasilianska r\u00e4tter \u00e4r Guandu-b\u00f6nor ett m\u00e5ste. Dessa b\u00f6nor \u00e4r smakrika och m\u00e5ngsidiga och anv\u00e4nds i m\u00e5nga <a href=\"http:\/\/cozinhadave.com\/sv\/recept\/\" data-type=\"page\" data-id=\"14959\">popul\u00e4ra recept<\/a> som \u00e4r en hit \u00f6ver hela landet. Kolla in n\u00e5gra av de b\u00e4sta alternativen:<\/p>\n\n\n\n<h3 class=\"wp-block-heading\">R\u00e4kor Bob\u00f3 med Guandu-b\u00f6nor<\/h3>\n\n\n\n<p>Detta typiska recept fr\u00e5n Bahia \u00e4r en explosion av smaker. Kr\u00e4mig maniok och kokosmj\u00f6lk i kombination med saftiga r\u00e4kor och kokta Guandu-b\u00f6nor skapar en kr\u00e4mig och uts\u00f6kt r\u00e4tt. Sl\u00f6sa inte tid och prova denna bahianska delikatess.<\/p>\n\n\n<div class=\"wp-block-image\">\n<figure class=\"aligncenter\"><img loading=\"lazy\" decoding=\"async\" width=\"1024\" height=\"576\" src=\"http:\/\/cozinhadave.com\/wp-content\/uploads\/2023\/08\/Bobo-de-Camarao-com-Feijao-Guandu.jpg\" alt=\"R\u00e4kor Bob\u00f3 med Guandu-b\u00f6nor\" class=\"wp-image-16830\" title=\"R\u00e4kor Bob\u00f3 med Guandu-b\u00f6nor\" srcset=\"https:\/\/cozinhadave.com\/wp-content\/uploads\/2023\/08\/Bobo-de-Camarao-com-Feijao-Guandu.jpg 1024w, https:\/\/cozinhadave.com\/wp-content\/uploads\/2023\/08\/Bobo-de-Camarao-com-Feijao-Guandu-300x169.jpg 300w, https:\/\/cozinhadave.com\/wp-content\/uploads\/2023\/08\/Bobo-de-Camarao-com-Feijao-Guandu-768x432.jpg 768w, https:\/\/cozinhadave.com\/wp-content\/uploads\/2023\/08\/Bobo-de-Camarao-com-Feijao-Guandu-18x10.jpg 18w, https:\/\/cozinhadave.com\/wp-content\/uploads\/2023\/08\/Bobo-de-Camarao-com-Feijao-Guandu-480x270.jpg 480w\" sizes=\"auto, (max-width: 1024px) 100vw, 1024px\" \/><\/figure>\n<\/div>\n\n\n<h3 class=\"wp-block-heading\">Tutu Mineiro med Guandu-b\u00f6nor<\/h3>\n\n\n\n<p>Tutu Mineiro \u00e4r en klassiker i Minas Gerais k\u00f6k, och n\u00e4r den tillagas med Feij\u00e3o Guandu blir den \u00e4nnu godare. B\u00f6nfarsen, med bitar av korv och bacon, \u00e5tf\u00f6ljs av ris och br\u00e4serad k\u00e5l, vilket skapar en komplett och tr\u00f6stande matr\u00e4tt.<\/p>\n\n\n\n<h3 class=\"wp-block-heading\">Guandu b\u00f6nsallad med gr\u00f6nsaker<\/h3>\n\n\n\n<p>Om du letar efter ett l\u00e4ttare alternativ \u00e4r den h\u00e4r h\u00e4lsosamma salladen ett utm\u00e4rkt val. Guandub\u00f6nor kombineras med kokta gr\u00f6nsaker som mor\u00f6tter, \u00e4rtor och majs, och smaks\u00e4tts med en uts\u00f6kt honungssenapsdressing. Perfekt f\u00f6r en snabb och h\u00e4lsosam lunch.<\/p>\n\n\n\n<h3 class=\"wp-block-heading\">Guandu-b\u00f6nor med ris och torkat k\u00f6tt<\/h3>\n\n\n\n<p>Detta \u00e4r ett klassiskt recept fr\u00e5n nord\u00f6stra Brasilien, perfekt f\u00f6r de dagar d\u00e5 du beh\u00f6ver en tr\u00f6stande och v\u00e4lsmakande m\u00e5ltid. Kokta Guandu-b\u00f6nor blandas med ris och strimlat torkat k\u00f6tt, vilket skapar en enkel r\u00e4tt full av smak.<\/p>\n\n\n\n<p>Med dessa recept kan du uppleva Guandu-b\u00f6nornas m\u00e5ngsidighet och smak i det brasilianska k\u00f6ket. Sl\u00f6sa inte tid och b\u00f6rja laga mat idag!<\/p>\n\n\n\n<h2 class=\"wp-block-heading\">Kuriosa och intressanta fakta om Guandu-b\u00f6nor<\/h2>\n\n\n\n<p>Guandub\u00f6nan anses av m\u00e5nga vara en viktig ingrediens i det brasilianska k\u00f6ket och \u00e4r en sann gastronomisk skatt. Men visste du att dess ursprung g\u00e5r tillbaka till forntida mesopotamiska tider?<\/p>\n\n\n\n<p>Ja, det \u00e4r sant! Historiska uppgifter visar att guandu f\u00f6rst odlades i Mellan\u00f6stern f\u00f6r \u00f6ver 7.000 \u00e5r sedan. D\u00e4rifr\u00e5n spreds fr\u00f6et till Afrika, Asien, Europa och kom slutligen till Amerika via de europeiska kolonisat\u00f6rerna.<\/p>\n\n\n\n<p>Nu kanske du undrar: Varf\u00f6r \u00e4r guandub\u00f6nor s\u00e5 popul\u00e4ra i Brasilien? Svaret \u00e4r enkelt: de anpassar sig perfekt till landets tropiska klimat och jordm\u00e5n, och \u00e4r dessutom en prisv\u00e4rd och god k\u00e4lla till protein och n\u00e4rings\u00e4mnen.<\/p>\n\n\n\n<p>Men det slutar inte d\u00e4r! Guandub\u00f6nor \u00e4r en mycket m\u00e5ngsidig ingrediens och kan anv\u00e4ndas i en m\u00e4ngd olika r\u00e4tter, fr\u00e5n soppor och grytor till sallader och desserter. Och som om inte det vore nog \u00e4r v\u00e4xten en stor allierad i h\u00e5llbart jordbruk, eftersom den hj\u00e4lper till att fixera kv\u00e4ve i jorden och f\u00f6rb\u00e4ttrar dess kvalitet och b\u00f6rdighet.<\/p>\n\n\n\n<p>Med alla dessa kuriosa och f\u00f6rdelar \u00e4r det l\u00e4tt att f\u00f6rst\u00e5 varf\u00f6r guandub\u00f6nor \u00e4r en s\u00e5 popul\u00e4r ingrediens bland brasilianare!<\/p>\n\n\n<div class=\"wp-block-image\">\n<figure class=\"aligncenter\"><img loading=\"lazy\" decoding=\"async\" width=\"1024\" height=\"576\" src=\"http:\/\/cozinhadave.com\/wp-content\/uploads\/2023\/08\/feijao-guandu-2.jpg\" alt=\"guandu-b\u00f6nor\" class=\"wp-image-16831\" title=\"guandu-b\u00f6nor\" srcset=\"https:\/\/cozinhadave.com\/wp-content\/uploads\/2023\/08\/feijao-guandu-2.jpg 1024w, https:\/\/cozinhadave.com\/wp-content\/uploads\/2023\/08\/feijao-guandu-2-300x169.jpg 300w, https:\/\/cozinhadave.com\/wp-content\/uploads\/2023\/08\/feijao-guandu-2-768x432.jpg 768w, https:\/\/cozinhadave.com\/wp-content\/uploads\/2023\/08\/feijao-guandu-2-18x10.jpg 18w, https:\/\/cozinhadave.com\/wp-content\/uploads\/2023\/08\/feijao-guandu-2-480x270.jpg 480w\" sizes=\"auto, (max-width: 1024px) 100vw, 1024px\" \/><\/figure>\n<\/div>\n\n\n<p>Visste du f\u00f6rresten att det finns mer \u00e4n 50 olika sorters guandu? Bland dessa finns bondb\u00f6nor, favab\u00f6nor, duv\u00e4rtor och de ber\u00f6mda svart\u00f6gda \u00e4rtorna. Var och en av dessa sorter har sina egna egenskaper och anv\u00e4ndningsomr\u00e5den i traditionell matlagning.<\/p>\n\n\n\n<p>Dessutom \u00e4r guandub\u00f6nor ett viktigt inslag i m\u00e5nga festivaler och firanden i den brasilianska kulturen, t.ex. den ber\u00f6mda r\u00e4tten tropeiro-b\u00f6nor, en smakrik blandning av b\u00f6nor, maniokmj\u00f6l, bacon och andra regionala ingredienser.<\/p>\n\n\n\n<p>Alla dessa fakta och kuriosa g\u00f6r guandub\u00f6nan till en \u00e4nnu mer speciell och v\u00e4rdefull ingrediens i det brasilianska k\u00f6ket. Det \u00e4r en \u00e4ra att f\u00e5 uppt\u00e4cka och njuta av en s\u00e5dan underbar gastronomisk skatt!<\/p>\n\n\n\n<h2 class=\"wp-block-heading\">Slutsats<\/h2>\n\n\n\n<p>Och s\u00e5 avslutar jag min gastronomiska resa genom det brasilianska k\u00f6ket med de uts\u00f6kta Guandu-b\u00f6norna. Jag m\u00e5ste erk\u00e4nna att jag som professionell matjournalist har provat m\u00e5nga olika r\u00e4tter och ingredienser under min karri\u00e4r, men Feij\u00e3o Guandu blev definitivt en uppt\u00e4ckt som \u00f6verraskade mig och vann \u00f6ver mina smakl\u00f6kar.<\/p>\n\n\n\n<p>Genom den h\u00e4r artikeln har vi tillsammans uppt\u00e4ckt vad Guandu-b\u00f6nor \u00e4r, deras n\u00e4ringsegenskaper, m\u00e5ngsidighet i k\u00f6ket och popul\u00e4ra recept. Faktum \u00e4r att det \u00e4r en mycket n\u00e4ringsrik och m\u00e5ngsidig ingrediens som enkelt kan inf\u00f6rlivas i en m\u00e4ngd olika recept och r\u00e4tter. Dess konsistens och n\u00e5got s\u00f6ta smak kompletterar andra ingredienser mycket bra, vilket g\u00f6r den till ett utm\u00e4rkt val f\u00f6r dem som vill ha variation i sin kost.<\/p>\n\n\n\n<p>Vi fick ocks\u00e5 l\u00e4ra oss intressanta fakta och kuriosa om guandub\u00f6nan, fr\u00e5n dess ursprung till dess betydelse i den brasilianska kulturen. Det \u00e4r fantastiskt hur en enkel ingrediens kan ha s\u00e5 mycket historia och betydelse!<\/p>\n\n\n\n<p>Som matjournalist \u00e4r jag tacksam \u00f6ver att f\u00e5 m\u00f6jlighet att dela med mig av den h\u00e4r goda och n\u00e4ringsrika uppt\u00e4ckten. Jag hoppas att du njuter av den lika mycket som jag gjorde!<\/p>\n\n\n\n<h2 class=\"wp-block-heading\">Vanliga fr\u00e5gor<\/h2>\n\n\n\t\t<section\t\thelp class=\"sc_fs_faq sc_card\"\n\t\t\t\t>\n\t\t\t\t<h3>Vad \u00e4r Guandu-b\u00f6nor?<\/h3>\t\t\t\t<div>\n\t\t\t\t\t\t<div class=\"sc_fs_faq__content\">\n\t\t\t\t\n\n<p>Guandub\u00f6nor \u00e4r en baljv\u00e4xt som har odlats i \u00e5rhundraden i det brasilianska k\u00f6ket. Den kommer ursprungligen fr\u00e5n Asien och har blivit en v\u00e4lsmakande uppt\u00e4ckt i Brasiliens kulinariska traditioner.<\/p>\n\n\t\t\t<\/div>\n\t\t<\/div>\n\t\t<\/section>\n\t\t\t\t<section\t\thelp class=\"sc_fs_faq sc_card\"\n\t\t\t\t>\n\t\t\t\t<h3>Vilka \u00e4r de n\u00e4ringsm\u00e4ssiga egenskaperna hos Guandu Beans?<\/h3>\t\t\t\t<div>\n\t\t\t\t\t\t<div class=\"sc_fs_faq__content\">\n\t\t\t\t\n\n<p>Guandu-b\u00f6nor \u00e4r en utm\u00e4rkt k\u00e4lla till vegetabiliskt protein och inneh\u00e5ller viktiga vitaminer och mineraler f\u00f6r en balanserad kost.<\/p>\n\n\t\t\t<\/div>\n\t\t<\/div>\n\t\t<\/section>\n\t\t\t\t<section\t\thelp class=\"sc_fs_faq sc_card\"\n\t\t\t\t>\n\t\t\t\t<h3>Hur kan jag anv\u00e4nda Guandu-b\u00f6nor i k\u00f6ket?<\/h3>\t\t\t\t<div>\n\t\t\t\t\t\t<div class=\"sc_fs_faq__content\">\n\t\t\t\t\n\n<p>Guandub\u00f6nor \u00e4r mycket m\u00e5ngsidiga och kan anv\u00e4ndas i en m\u00e4ngd olika recept och r\u00e4tter, fr\u00e5n soppor och sallader till huvudr\u00e4tter och tillbeh\u00f6r.<\/p>\n\n\t\t\t<\/div>\n\t\t<\/div>\n\t\t<\/section>\n\t\t\t\t<section\t\thelp class=\"sc_fs_faq sc_card\"\n\t\t\t\t>\n\t\t\t\t<h3>Vilka \u00e4r n\u00e5gra popul\u00e4ra recept med Guandu-b\u00f6nor?<\/h3>\t\t\t\t<div>\n\t\t\t\t\t\t<div class=\"sc_fs_faq__content\">\n\t\t\t\t\n\n<p>N\u00e5gra av de popul\u00e4ra recepten med Guandu-b\u00f6nor \u00e4r de traditionella tropeiro-b\u00f6norna, Bahian acaraj\u00e9 och den ber\u00f6mda vatap\u00e1.<\/p>\n\n\t\t\t<\/div>\n\t\t<\/div>\n\t\t<\/section>\n\t\t\t\t<section\t\thelp class=\"sc_fs_faq sc_card\"\n\t\t\t\t>\n\t\t\t\t<h3>Vad \u00e4r n\u00e5gra intressanta fakta och kuriosa om Guandu Beans?<\/h3>\t\t\t\t<div>\n\t\t\t\t\t\t<div class=\"sc_fs_faq__content\">\n\t\t\t\t\n\n<p>Guandub\u00f6nor har en l\u00e5ng historia av odling och konsumtion och \u00e4r ett viktigt livsmedel i m\u00e5nga kulturer runt om i v\u00e4rlden. Dessutom har den f\u00f6rdelaktiga h\u00e4lsoegenskaper och \u00e4r en viktig ingrediens i det brasilianska k\u00f6ket.<\/p>\n\n\t\t\t<\/div>\n\t\t<\/div>\n\t\t<\/section>\n\t\t\n<script type=\"application\/ld+json\">{\n    \"@context\": \"https:\\\/\\\/schema.org\",\n    \"@type\": \"FAQPage\",\n    \"mainEntity\": [\n        {\n            \"@type\": \"Question\",\n            \"name\": \"O que \\u00e9 o Feij\\u00e3o Guandu?\",\n            \"acceptedAnswer\": {\n                \"@type\": \"Answer\",\n                \"text\": \"<p>O Feij\\u00e3o Guandu \\u00e9 uma leguminosa cultivada h\\u00e1 s\\u00e9culos na culin\\u00e1ria brasileira. Origin\\u00e1rio da \\u00c1sia, ele se tornou uma descoberta saborosa nas tradi\\u00e7\\u00f5es culin\\u00e1rias do Brasil.<\\\/p>\"\n            }\n        },\n        {\n            \"@type\": \"Question\",\n            \"name\": \"Quais s\\u00e3o as propriedades nutricionais do Feij\\u00e3o Guandu?\",\n            \"acceptedAnswer\": {\n                \"@type\": \"Answer\",\n                \"text\": \"<p>O Feij\\u00e3o Guandu \\u00e9 uma excelente fonte de prote\\u00edna vegetal, al\\u00e9m de conter vitaminas e minerais essenciais para uma dieta equilibrada.<\\\/p>\"\n            }\n        },\n        {\n            \"@type\": \"Question\",\n            \"name\": \"Como posso utilizar o Feij\\u00e3o Guandu na cozinha?\",\n            \"acceptedAnswer\": {\n                \"@type\": \"Answer\",\n                \"text\": \"<p>O Feij\\u00e3o Guandu \\u00e9 altamente vers\\u00e1til e pode ser utilizado em diversas receitas e pratos, desde sopas e saladas at\\u00e9 pratos principais e acompanhamentos.<\\\/p>\"\n            }\n        },\n        {\n            \"@type\": \"Question\",\n            \"name\": \"Quais s\\u00e3o algumas receitas populares com Feij\\u00e3o Guandu?\",\n            \"acceptedAnswer\": {\n                \"@type\": \"Answer\",\n                \"text\": \"<p>Algumas das receitas populares com Feij\\u00e3o Guandu incluem o tradicional feij\\u00e3o tropeiro, o acaraj\\u00e9 baiano e o famoso vatap\\u00e1.<\\\/p>\"\n            }\n        },\n        {\n            \"@type\": \"Question\",\n            \"name\": \"Quais s\\u00e3o algumas curiosidades e fatos interessantes sobre o Feij\\u00e3o Guandu?\",\n            \"acceptedAnswer\": {\n                \"@type\": \"Answer\",\n                \"text\": \"<p>O Feij\\u00e3o Guandu tem uma longa hist\\u00f3ria de cultivo e consumo, sendo um alimento importante em v\\u00e1rias culturas ao redor do mundo. Al\\u00e9m disso, ele possui propriedades ben\\u00e9ficas para a sa\\u00fade e \\u00e9 um ingrediente chave na culin\\u00e1ria brasileira.<\\\/p>\"\n            }\n        }\n    ]\n}<\/script>","protected":false},"excerpt":{"rendered":"<p>Feij\u00e3o Guandu: minha saborosa descoberta na culin\u00e1ria brasileira Quando comecei a explorar a culin\u00e1ria brasileira, foi o feij\u00e3o guandu que me surpreendeu com seu sabor \u00fanico e textura cremosa. \u00c9 um ingrediente que eu nunca tinha ouvido falar antes, mas agora \u00e9 uma parte essencial da minha cozinha. O feij\u00e3o guandu \u00e9 um feij\u00e3o pequeno&hellip;&nbsp;<\/p>\n<div class=\"read-more-wrapper\"><a href=\"https:\/\/cozinhadave.com\/sv\/guandu-bonor\/\" class=\"button button-secondary\" rel=\"bookmark\">L\u00e4s mer \"<span class=\"screen-reader-text\">Guandu-b\u00f6nor: min smakfulla uppt\u00e4ckt i det brasilianska k\u00f6ket<\/span><\/a><\/div>","protected":false},"author":3,"featured_media":16826,"comment_status":"closed","ping_status":"open","sticky":false,"template":"","format":"standard","meta":{"_uag_custom_page_level_css":"","wprm-recipe-roundup-name":"","wprm-recipe-roundup-description":"","neve_meta_sidebar":"","neve_meta_container":"","neve_meta_enable_content_width":"","neve_meta_content_width":0,"neve_meta_title_alignment":"","neve_meta_author_avatar":"","neve_post_elements_order":"","neve_meta_disable_header":"","neve_meta_disable_footer":"","neve_meta_disable_title":"","neve_meta_reading_time":"","footnotes":""},"categories":[1436,2318],"tags":[],"class_list":["post-16825","post","type-post","status-publish","format-standard","has-post-thumbnail","hentry","category-ingredientes","category-legumes"],"uagb_featured_image_src":{"full":["https:\/\/cozinhadave.com\/wp-content\/uploads\/2023\/08\/Feijao-guandu.jpg",1024,576,false],"thumbnail":["https:\/\/cozinhadave.com\/wp-content\/uploads\/2023\/08\/Feijao-guandu-150x150.jpg",150,150,true],"medium":["https:\/\/cozinhadave.com\/wp-content\/uploads\/2023\/08\/Feijao-guandu-300x169.jpg",300,169,true],"medium_large":["https:\/\/cozinhadave.com\/wp-content\/uploads\/2023\/08\/Feijao-guandu-768x432.jpg",768,432,true],"large":["https:\/\/cozinhadave.com\/wp-content\/uploads\/2023\/08\/Feijao-guandu.jpg",1024,576,false],"1536x1536":["https:\/\/cozinhadave.com\/wp-content\/uploads\/2023\/08\/Feijao-guandu.jpg",1024,576,false],"2048x2048":["https:\/\/cozinhadave.com\/wp-content\/uploads\/2023\/08\/Feijao-guandu.jpg",1024,576,false],"trp-custom-language-flag":["https:\/\/cozinhadave.com\/wp-content\/uploads\/2023\/08\/Feijao-guandu-18x10.jpg",18,10,true],"ultp_layout_landscape_large":["https:\/\/cozinhadave.com\/wp-content\/uploads\/2023\/08\/Feijao-guandu.jpg",1024,576,false],"ultp_layout_landscape":["https:\/\/cozinhadave.com\/wp-content\/uploads\/2023\/08\/Feijao-guandu-870x570.jpg",870,570,true],"ultp_layout_portrait":["https:\/\/cozinhadave.com\/wp-content\/uploads\/2023\/08\/Feijao-guandu-600x576.jpg",600,576,true],"ultp_layout_square":["https:\/\/cozinhadave.com\/wp-content\/uploads\/2023\/08\/Feijao-guandu-600x576.jpg",600,576,true],"wprm-metadata-1_1":["https:\/\/cozinhadave.com\/wp-content\/uploads\/2023\/08\/Feijao-guandu-500x500.jpg",500,500,true],"wprm-metadata-4_3":["https:\/\/cozinhadave.com\/wp-content\/uploads\/2023\/08\/Feijao-guandu-500x375.jpg",500,375,true],"wprm-metadata-16_9":["https:\/\/cozinhadave.com\/wp-content\/uploads\/2023\/08\/Feijao-guandu-480x270.jpg",480,270,true],"neve-blog":["https:\/\/cozinhadave.com\/wp-content\/uploads\/2023\/08\/Feijao-guandu-930x576.jpg",930,576,true]},"uagb_author_info":{"display_name":"Ver\u00f4nica Ribeiro","author_link":"https:\/\/cozinhadave.com\/sv\/author\/veronica-ribeiro\/"},"uagb_comment_info":0,"uagb_excerpt":"Feij\u00e3o Guandu: minha saborosa descoberta na culin\u00e1ria brasileira Quando comecei a explorar a culin\u00e1ria brasileira, foi o feij\u00e3o guandu que me surpreendeu com seu sabor \u00fanico e textura cremosa. \u00c9 um ingrediente que eu nunca tinha ouvido falar antes, mas agora \u00e9 uma parte essencial da minha cozinha. O feij\u00e3o guandu \u00e9 um feij\u00e3o pequeno&hellip;&nbsp;Ler&hellip;","_links":{"self":[{"href":"https:\/\/cozinhadave.com\/sv\/wp-json\/wp\/v2\/posts\/16825","targetHints":{"allow":["GET"]}}],"collection":[{"href":"https:\/\/cozinhadave.com\/sv\/wp-json\/wp\/v2\/posts"}],"about":[{"href":"https:\/\/cozinhadave.com\/sv\/wp-json\/wp\/v2\/types\/post"}],"author":[{"embeddable":true,"href":"https:\/\/cozinhadave.com\/sv\/wp-json\/wp\/v2\/users\/3"}],"replies":[{"embeddable":true,"href":"https:\/\/cozinhadave.com\/sv\/wp-json\/wp\/v2\/comments?post=16825"}],"version-history":[{"count":0,"href":"https:\/\/cozinhadave.com\/sv\/wp-json\/wp\/v2\/posts\/16825\/revisions"}],"wp:featuredmedia":[{"embeddable":true,"href":"https:\/\/cozinhadave.com\/sv\/wp-json\/wp\/v2\/media\/16826"}],"wp:attachment":[{"href":"https:\/\/cozinhadave.com\/sv\/wp-json\/wp\/v2\/media?parent=16825"}],"wp:term":[{"taxonomy":"category","embeddable":true,"href":"https:\/\/cozinhadave.com\/sv\/wp-json\/wp\/v2\/categories?post=16825"},{"taxonomy":"post_tag","embeddable":true,"href":"https:\/\/cozinhadave.com\/sv\/wp-json\/wp\/v2\/tags?post=16825"}],"curies":[{"name":"wp","href":"https:\/\/api.w.org\/{rel}","templated":true}]}}