{"id":20011,"date":"2023-10-06T14:34:00","date_gmt":"2023-10-06T14:34:00","guid":{"rendered":"http:\/\/cozinhadave.com\/?p=20011"},"modified":"2023-10-05T15:53:52","modified_gmt":"2023-10-05T15:53:52","slug":"vad-heter-den-lila-druvan-med-fron","status":"publish","type":"post","link":"http:\/\/cozinhadave.com\/sv\/vad-heter-den-lila-druvan-med-fron\/","title":{"rendered":"Vad heter den lila druvan med fr\u00f6n? Ta reda p\u00e5 nu!"},"content":{"rendered":"<p>Hej alla l\u00e4sare! Du kanske redan har st\u00f6tt p\u00e5 lila druvor med fr\u00f6n i stormarknader, marknader och till och med p\u00e5 bordet hos n\u00e5gon du k\u00e4nner. Det \u00e4r en l\u00e4cker och annorlunda druva, men m\u00e5nga undrar: <b>vad heter den lila druvan med fr\u00f6n<\/b>?<\/p>\n\n\n\n<figure class=\"wp-block-image size-large\"><img loading=\"lazy\" decoding=\"async\" width=\"1024\" height=\"585\" src=\"http:\/\/cozinhadave.com\/wp-content\/uploads\/2023\/09\/propriedades-da-uva-roxa-2-1024x585.jpg\" alt=\"Vad heter den lila druvan med fr\u00f6n\" class=\"wp-image-20143\" srcset=\"http:\/\/cozinhadave.com\/wp-content\/uploads\/2023\/09\/propriedades-da-uva-roxa-2-1024x585.jpg 1024w, http:\/\/cozinhadave.com\/wp-content\/uploads\/2023\/09\/propriedades-da-uva-roxa-2-300x171.jpg 300w, http:\/\/cozinhadave.com\/wp-content\/uploads\/2023\/09\/propriedades-da-uva-roxa-2-768x439.jpg 768w, http:\/\/cozinhadave.com\/wp-content\/uploads\/2023\/09\/propriedades-da-uva-roxa-2-18x10.jpg 18w, http:\/\/cozinhadave.com\/wp-content\/uploads\/2023\/09\/propriedades-da-uva-roxa-2.jpg 1344w\" sizes=\"auto, (max-width: 1024px) 100vw, 1024px\" \/><\/figure>\n\n\n\n<h2 class=\"wp-block-heading\">Vad heter den lila druvan med fr\u00f6n? Ta reda p\u00e5 nu!<\/h2>\n\n\n\n<p>I den h\u00e4r artikeln kommer jag att avsl\u00f6ja denna efterl\u00e4ngtade information och \u00e4ven presentera egenskaper, varianter, kuriosa och recept med denna speciella frukt. Sl\u00f6sa inte tid och kom och reda ut detta mysterium med mig!<\/p>\n\n\n\n<h2 class=\"wp-block-heading\">Huvudsakliga slutsatser<\/h2>\n\n\n\n<ul class=\"wp-block-list\">\n<li>Namnet p\u00e5 <b>lila druva med fr\u00f6n<\/b> kommer att avsl\u00f6jas i den h\u00e4r artikeln;<\/li>\n\n\n\n<li>Lila k\u00e4rndruvor \u00e4r l\u00e4ckra och har unika egenskaper;<\/li>\n\n\n\n<li>Det finns flera <b>lila druvsorter med fr\u00f6n<\/b> tillg\u00e4ngliga;<\/li>\n\n\n\n<li>DE <b>lila druva med fr\u00f6n<\/b> ger h\u00e4lsof\u00f6rdelar och kan anv\u00e4ndas i olika recept;<\/li>\n\n\n\n<li>DE <b>lila druva med fr\u00f6n<\/b> Det konsumeras flitigt i Brasilien.<\/li>\n<\/ul>\n\n\n\n<h2 class=\"wp-block-heading\">Lila druva med fr\u00f6n: l\u00e4cker med fr\u00f6n<\/h2>\n\n\n\n<p>Om det \u00e4r n\u00e5got jag \u00e4lskar s\u00e5 \u00e4r det att \u00e4ta lila druvor med fr\u00f6n! De \u00e4r l\u00e4ckra, saftiga och perfekta f\u00f6r att tillfredsst\u00e4lla den \u00f6nskan om n\u00e5got s\u00f6tt. Och vet du vad som \u00e4r \u00e4nnu b\u00e4ttre? Fr\u00f6na inuti dessa druvor ger en underbar konsistens och unik smak!<\/p>\n\n\n\n<p>Det \u00e4r inte konstigt att m\u00e5nga m\u00e4nniskor \u00e4r nyfikna p\u00e5 att veta namnet p\u00e5 dessa druvor. N\u00e4r allt kommer omkring skiljer de sig fr\u00e5n de k\u00e4rnfria gr\u00f6na druvorna vi \u00e4r vana vid att se p\u00e5 snabbk\u00f6pshyllorna. Men oroa dig inte, jag ska avsl\u00f6ja deras namn!<\/p>\n\n\n\n<p>Innan dess \u00e4r det v\u00e4rt att betona att lila fr\u00f6druvor har n\u00e5gra egenheter som g\u00f6r dem \u00e4nnu mer intressanta. Till exempel \u00e4r de rika p\u00e5 antioxidanter, som hj\u00e4lper till att bek\u00e4mpa fria radikaler och skydda kroppen mot sjukdomar. Dessutom \u00e4r skalet p\u00e5 dessa druvor rikt p\u00e5 resveratrol, ett \u00e4mne som kan hj\u00e4lpa till att f\u00f6rebygga cancer.<\/p>\n\n\n\n<p>Men l\u00e5t oss g\u00e5 tillbaka till huvud\u00e4mnet: fr\u00f6na! De kanske skr\u00e4mmer vissa m\u00e4nniskor som \u00e4r vana vid fr\u00f6fria druvor, men jag garanterar att det \u00e4r v\u00e4rt att prova. De tillf\u00f6r crunch till frukten och en l\u00e4tt bitter smak som kombineras perfekt med fruktk\u00f6ttets s\u00f6tma.<\/p>\n\n\n\n<p>Nu n\u00e4r jag har pratat lite om egenskaperna hos lila stendruvor \u00e4r det dags att uppt\u00e4cka deras namn! Men f\u00f6rst, vad s\u00e4gs om att vi tar en titt p\u00e5 n\u00e5gra bilder f\u00f6r att tillfredsst\u00e4lla din visuella nyfikenhet?<\/p>\n\n\n<div class=\"wp-block-image\">\n<figure class=\"aligncenter\"><img loading=\"lazy\" decoding=\"async\" width=\"1024\" height=\"585\" src=\"http:\/\/cozinhadave.com\/wp-content\/uploads\/2023\/09\/uvas-roxas-com-sementes-1024x585.jpg\" alt=\"lila druvor med fr\u00f6n\" class=\"wp-image-20013\" title=\"lila druvor med fr\u00f6n\" srcset=\"http:\/\/cozinhadave.com\/wp-content\/uploads\/2023\/09\/uvas-roxas-com-sementes-1024x585.jpg 1024w, http:\/\/cozinhadave.com\/wp-content\/uploads\/2023\/09\/uvas-roxas-com-sementes-300x171.jpg 300w, http:\/\/cozinhadave.com\/wp-content\/uploads\/2023\/09\/uvas-roxas-com-sementes-768x439.jpg 768w, http:\/\/cozinhadave.com\/wp-content\/uploads\/2023\/09\/uvas-roxas-com-sementes-18x10.jpg 18w, http:\/\/cozinhadave.com\/wp-content\/uploads\/2023\/09\/uvas-roxas-com-sementes.jpg 1344w\" sizes=\"auto, (max-width: 1024px) 100vw, 1024px\" \/><\/figure>\n<\/div>\n\n\n<h3 class=\"wp-block-heading\">Lila druva med fr\u00f6n: l\u00e4cker med fr\u00f6n<\/h3>\n\n\n\n<p>Och den <b>namn p\u00e5 lila druvor med fr\u00f6n<\/b> Det \u00e4r\u2026<\/p>\n\n\n\n<blockquote class=\"wp-block-quote is-layout-flow wp-block-quote-is-layout-flow\">\n<p>Italien!<\/p>\n<\/blockquote>\n\n\n\n<p>Ja det st\u00e4mmer! De lila fr\u00f6druvorna kallas Italia, men \u00e4r ocks\u00e5 k\u00e4nda som Crimson Seedless eller Red Globe beroende p\u00e5 i vilket land de odlas.<\/p>\n\n\n\n<p>Nu n\u00e4r vi vet namnet p\u00e5 den lila stendruvan \u00e4r det dags att utforska lite mer om sorterna av denna speciella frukt. Det finns trots allt m\u00e5nga alternativ p\u00e5 marknaden!<\/p>\n\n\n\n<h2 class=\"wp-block-heading\">Egenskaper hos lila fr\u00f6druvor<\/h2>\n\n\n\n<p>L\u00e5t oss nu prata om <b>egenskaper hos lila fr\u00f6druvor<\/b>, trots allt, innan du k\u00e4nner till namnet p\u00e5 denna delikatess, \u00e4r det viktigt att f\u00f6rst\u00e5 dess s\u00e4rdrag.<\/p>\n\n\n\n<p>Lila k\u00e4rndruvor \u00e4r k\u00e4nda f\u00f6r sin intensiva, ljusa f\u00e4rg, som varierar mellan nyanser av lila och violett. Dessutom \u00e4r deras konsistens fast och saftig p\u00e5 samma g\u00e5ng, vilket g\u00f6r det till en unik upplevelse n\u00e4r man biter i dem.<\/p>\n\n\n\n<p>N\u00e4r det g\u00e4ller smaken \u00e4r lila fr\u00f6druvor en explosion av s\u00f6tma och l\u00e4tt syra, vilket g\u00f6r dem \u00e4nnu godare. Och naturligtvis kan vi inte gl\u00f6mma fr\u00f6na inuti, som f\u00f6r m\u00e5nga \u00e4r en verklig skillnad.<\/p>\n\n\n\n<p>En annan unik egenskap hos dessa druvor \u00e4r att de \u00e4r en stor k\u00e4lla till fibrer och antioxidanter, vilket ger flera h\u00e4lsof\u00f6rdelar.<\/p>\n\n\n<div class=\"wp-block-image\">\n<figure class=\"aligncenter\"><img loading=\"lazy\" decoding=\"async\" width=\"1024\" height=\"585\" src=\"http:\/\/cozinhadave.com\/wp-content\/uploads\/2023\/09\/caracteristicas-da-uva-roxa-com-caroco-1024x585.jpg\" alt=\"egenskaper hos lila fr\u00f6druvor\" class=\"wp-image-20014\" title=\"egenskaper hos lila fr\u00f6druvor\" srcset=\"http:\/\/cozinhadave.com\/wp-content\/uploads\/2023\/09\/caracteristicas-da-uva-roxa-com-caroco-1024x585.jpg 1024w, http:\/\/cozinhadave.com\/wp-content\/uploads\/2023\/09\/caracteristicas-da-uva-roxa-com-caroco-300x171.jpg 300w, http:\/\/cozinhadave.com\/wp-content\/uploads\/2023\/09\/caracteristicas-da-uva-roxa-com-caroco-768x439.jpg 768w, http:\/\/cozinhadave.com\/wp-content\/uploads\/2023\/09\/caracteristicas-da-uva-roxa-com-caroco-18x10.jpg 18w, http:\/\/cozinhadave.com\/wp-content\/uploads\/2023\/09\/caracteristicas-da-uva-roxa-com-caroco.jpg 1344w\" sizes=\"auto, (max-width: 1024px) 100vw, 1024px\" \/><\/figure>\n<\/div>\n\n\n<blockquote class=\"nv-cv-m wp-block-quote is-layout-flow wp-block-quote-is-layout-flow\">\n<p>&quot;Lila k\u00e4rndruvor \u00e4r som sm\u00e5 skatter, packade med smak och n\u00e4rings\u00e4mnen!&quot;<\/p>\n<\/blockquote>\n\n\n\n<h2 class=\"wp-block-heading\">Sorter av lila druvor med fr\u00f6n<\/h2>\n\n\n\n<p>Nu n\u00e4r vi har diskuterat egenskaperna hos lila fr\u00f6druvor \u00e4r det dags att utforska de sorter som finns p\u00e5 marknaden. Det finns flera sorter av denna l\u00e4ckra frukt, var och en med sina egna s\u00e4rdrag och unika smaker.<\/p>\n\n\n\n<p>En av de mest popul\u00e4ra sorterna \u00e4r druvan Italia, som har en s\u00f6t smak och saftig konsistens. Red Globe-druvan \u00e4r k\u00e4nd f\u00f6r sin stora storlek och l\u00e4tt syrliga smak.<\/p>\n\n\n\n<p>En annan anm\u00e4rkningsv\u00e4rd sort \u00e4r druvan Crimson Seedless, som har en mild smak och \u00e4r k\u00e4rnfri. Benitaka-druvan kommer i sin tur fr\u00e5n Japan och har en mycket s\u00f6t och aromatisk smak.<\/p>\n\n\n\n<p>Ut\u00f6ver dessa finns det flera andra <b>lila druvsorter med fr\u00f6n<\/b>, som Centennial, Kyoho och Ribier. Var och en av dem har sina egna egenskaper och anv\u00e4nds ofta i produktionen av viner, juicer och andra delikatesser.<\/p>\n\n\n<div class=\"wp-block-image\">\n<figure class=\"aligncenter\"><img loading=\"lazy\" decoding=\"async\" width=\"1024\" height=\"585\" src=\"http:\/\/cozinhadave.com\/wp-content\/uploads\/2023\/09\/Variedades-de-uvas-roxas-com-caroco-1024x585.jpg\" alt=\"Sorter av lila druvor med fr\u00f6n\" class=\"wp-image-20015\" title=\"Sorter av lila druvor med fr\u00f6n\" srcset=\"http:\/\/cozinhadave.com\/wp-content\/uploads\/2023\/09\/Variedades-de-uvas-roxas-com-caroco-1024x585.jpg 1024w, http:\/\/cozinhadave.com\/wp-content\/uploads\/2023\/09\/Variedades-de-uvas-roxas-com-caroco-300x171.jpg 300w, http:\/\/cozinhadave.com\/wp-content\/uploads\/2023\/09\/Variedades-de-uvas-roxas-com-caroco-768x439.jpg 768w, http:\/\/cozinhadave.com\/wp-content\/uploads\/2023\/09\/Variedades-de-uvas-roxas-com-caroco-18x10.jpg 18w, http:\/\/cozinhadave.com\/wp-content\/uploads\/2023\/09\/Variedades-de-uvas-roxas-com-caroco.jpg 1344w\" sizes=\"auto, (max-width: 1024px) 100vw, 1024px\" \/><\/figure>\n<\/div>\n\n\n<blockquote class=\"nv-cv-m wp-block-quote is-layout-flow wp-block-quote-is-layout-flow\">\n<p>&quot;Det finns inget som ett gott vin f\u00f6r att gl\u00e4dja hj\u00e4rtat och fylla gommen med intensiva smaker. Och detta \u00e4r bara m\u00f6jligt tack vare <b>lila druvsorter med fr\u00f6n<\/b>!&quot;<\/p>\n<\/blockquote>\n\n\n\n<p>S\u00e5, har du n\u00e5gonsin provat n\u00e5gon av dessa? <b>sorter av lila k\u00e4rndruvor<\/b>? Vad \u00e4r din favorit? L\u00e4mna din \u00e5sikt i kommentarerna!<\/p>\n\n\n\n<h2 class=\"wp-block-heading\">Den lila stendruvan som kallas...<\/h2>\n\n\n\n<p>\u00c4r du sugen p\u00e5 att ta reda p\u00e5 vad den lila stendruvan heter som v\u00e4cker s\u00e5 mycket nyfikenhet? N\u00e5v\u00e4l, g\u00f6r dig redo f\u00f6r denna bombastiska uppenbarelse!<\/p>\n\n\n<div class=\"wp-block-image\">\n<figure class=\"aligncenter\"><img loading=\"lazy\" decoding=\"async\" width=\"1024\" height=\"585\" src=\"http:\/\/cozinhadave.com\/wp-content\/uploads\/2023\/09\/uva-roxa-com-caroco-chamada-1024x585.jpg\" alt=\"lila druva med fr\u00f6n kallas\" class=\"wp-image-20016\" title=\"lila druva med fr\u00f6n kallas\" srcset=\"http:\/\/cozinhadave.com\/wp-content\/uploads\/2023\/09\/uva-roxa-com-caroco-chamada-1024x585.jpg 1024w, http:\/\/cozinhadave.com\/wp-content\/uploads\/2023\/09\/uva-roxa-com-caroco-chamada-300x171.jpg 300w, http:\/\/cozinhadave.com\/wp-content\/uploads\/2023\/09\/uva-roxa-com-caroco-chamada-768x439.jpg 768w, http:\/\/cozinhadave.com\/wp-content\/uploads\/2023\/09\/uva-roxa-com-caroco-chamada-18x10.jpg 18w, http:\/\/cozinhadave.com\/wp-content\/uploads\/2023\/09\/uva-roxa-com-caroco-chamada.jpg 1344w\" sizes=\"auto, (max-width: 1024px) 100vw, 1024px\" \/><\/figure>\n<\/div>\n\n\n<p>Den mest k\u00e4nda lila stendruvan i Brasilien och v\u00e4rlden \u00e4r <em>Italien<\/em>! Ja, du l\u00e4ste inte fel, det st\u00e4mmer! Italien \u00e4r namnet p\u00e5 denna l\u00e4ckra druva som \u00e4r popul\u00e4r i fruktaff\u00e4rer och stormarknader.<\/p>\n\n\n\n<blockquote class=\"nv-cv-d nv-cv-m wp-block-quote is-layout-flow wp-block-quote-is-layout-flow\">\n<p>&quot;Italien \u00e4r en gener\u00f6s och m\u00e5ngsidig druva som kan avnjutas f\u00e4rsk, i fruktsallader, som tillbeh\u00f6r till ost och till och med som ingrediens i s\u00f6ta och salta recept.&quot;<\/p>\n<\/blockquote>\n\n\n\n<p>Men var f\u00f6rsiktig, Italien \u00e4r inte den enda lila druvan med fr\u00f6n. Det finns andra sorter som odlas i olika regioner i v\u00e4rlden. Men h\u00e4r i Brasilien \u00e4r detta den mest popul\u00e4ra druvan och l\u00e4ttast att hitta p\u00e5 hyllorna.<\/p>\n\n\n\n<h2 class=\"wp-block-heading\">Odling av lila fr\u00f6druvor<\/h2>\n\n\n\n<p>Jag vet att du \u00e4r sugen p\u00e5 att veta mer om den lila stendruvan, men innan du avsl\u00f6jar namnet p\u00e5 denna speciella sort \u00e4r det viktigt att f\u00f6rst\u00e5 hur den odlas. Lila stendruvor odlas p\u00e5 vinstockar som beh\u00f6ver specifik sk\u00f6tsel f\u00f6r att s\u00e4kerst\u00e4lla god fruktutveckling och kvalitet.<\/p>\n\n\n\n<p>Till att b\u00f6rja med \u00e4r det viktigt att v\u00e4lja l\u00e4mplig plats f\u00f6r plantering av druvplantorna. Ett milt klimat \u00e4r n\u00f6dv\u00e4ndigt, med en medeltemperatur mellan 20\u00b0C och 25\u00b0C och bra solljus. Dessutom m\u00e5ste jorden vara b\u00f6rdig och v\u00e4ldr\u00e4nerad f\u00f6r att undvika ansamling av vatten som kan skada v\u00e4xternas tillv\u00e4xt.<\/p>\n\n\n\n<p>Vinrankor med lila stenar planteras vanligtvis tidigt p\u00e5 v\u00e5ren n\u00e4r temperaturen b\u00f6rjar stiga och nederb\u00f6rden blir vanligare. Under v\u00e4xternas tillv\u00e4xtperiod \u00e4r det viktigt att vattna regelbundet f\u00f6r att h\u00e5lla jorden fuktig. Dessutom \u00e4r det n\u00f6dv\u00e4ndigt att utf\u00f6ra regelbunden besk\u00e4rning f\u00f6r att kontrollera v\u00e4xttillv\u00e4xt och f\u00f6rhindra spridning av sjukdomar.<\/p>\n\n\n\n<p>Efter n\u00e5gra m\u00e5naders v\u00e5rd b\u00f6rjar vinrankorna producera klasar av lila fr\u00f6druvor. Det \u00e4r viktigt att noga \u00f6vervaka fruktmognadsprocessen f\u00f6r att sk\u00f6rda dem vid den idealiska tiden. Lila druvor med fr\u00f6n m\u00e5ste sk\u00f6rdas manuellt f\u00f6r att bevara klasarnas integritet och garantera en kvalitetssk\u00f6rd.<\/p>\n\n\n\n<p>O <b>odling av lila druvor med fr\u00f6n<\/b> Det kan vara en m\u00f6dosam process, men slutresultatet \u00e4r v\u00e4rt det. Denna druvsort \u00e4r mycket uppskattad av konsumenter p\u00e5 grund av sin sl\u00e5ende och omissk\u00e4nnliga smak. Dessutom kan lila druvor med fr\u00f6n ocks\u00e5 anv\u00e4ndas i olika recept och ge flera h\u00e4lsof\u00f6rdelar, som vi kommer att se i n\u00e4sta avsnitt.<\/p>\n\n\n<div class=\"wp-block-image\">\n<figure class=\"aligncenter\"><img loading=\"lazy\" decoding=\"async\" width=\"1024\" height=\"585\" src=\"http:\/\/cozinhadave.com\/wp-content\/uploads\/2023\/09\/cultivo-da-uva-roxa-com-caroco-1024x585.jpg\" alt=\"odling av lila druvor med fr\u00f6n\" class=\"wp-image-20017\" title=\"odling av lila druvor med fr\u00f6n\" srcset=\"http:\/\/cozinhadave.com\/wp-content\/uploads\/2023\/09\/cultivo-da-uva-roxa-com-caroco-1024x585.jpg 1024w, http:\/\/cozinhadave.com\/wp-content\/uploads\/2023\/09\/cultivo-da-uva-roxa-com-caroco-300x171.jpg 300w, http:\/\/cozinhadave.com\/wp-content\/uploads\/2023\/09\/cultivo-da-uva-roxa-com-caroco-768x439.jpg 768w, http:\/\/cozinhadave.com\/wp-content\/uploads\/2023\/09\/cultivo-da-uva-roxa-com-caroco-18x10.jpg 18w, http:\/\/cozinhadave.com\/wp-content\/uploads\/2023\/09\/cultivo-da-uva-roxa-com-caroco.jpg 1344w\" sizes=\"auto, (max-width: 1024px) 100vw, 1024px\" \/><\/figure>\n<\/div>\n\n\n<h2 class=\"wp-block-heading\">F\u00f6rdelar och anv\u00e4ndningar av lila fr\u00f6druvor<\/h2>\n\n\n\n<p>Den lila fr\u00f6druvan \u00e4r mycket mer \u00e4n bara en v\u00e4lsmakande frukt. Det ger ocks\u00e5 flera f\u00f6rdelar f\u00f6r v\u00e5r h\u00e4lsa. Dessutom \u00e4r dess anv\u00e4ndningsomr\u00e5den mycket m\u00e5ngsidig, vilket g\u00f6r den till en perfekt ingrediens f\u00f6r de mest olika recepten.<\/p>\n\n\n\n<p>En av de st\u00f6rsta f\u00f6rdelarna med att konsumera lila druvor med fr\u00f6n \u00e4r deras h\u00f6ga antioxidantinneh\u00e5ll, som bek\u00e4mpar fria radikaler och f\u00f6rhindrar f\u00f6r tidigt \u00e5ldrande. Dessutom \u00e4r den rik p\u00e5 vitaminer och mineraler som vitamin C, vitamin K, kalcium och j\u00e4rn.<\/p>\n\n\n<div class=\"wp-block-image\">\n<figure class=\"aligncenter\"><img loading=\"lazy\" decoding=\"async\" width=\"1024\" height=\"585\" src=\"http:\/\/cozinhadave.com\/wp-content\/uploads\/2023\/09\/Beneficios-da-uva-roxa-com-caroco-1024x585.jpg\" alt=\"F\u00f6rdelarna med lila druvor med fr\u00f6n\" class=\"wp-image-20018\" title=\"F\u00f6rdelarna med lila druvor med fr\u00f6n\" srcset=\"http:\/\/cozinhadave.com\/wp-content\/uploads\/2023\/09\/Beneficios-da-uva-roxa-com-caroco-1024x585.jpg 1024w, http:\/\/cozinhadave.com\/wp-content\/uploads\/2023\/09\/Beneficios-da-uva-roxa-com-caroco-300x171.jpg 300w, http:\/\/cozinhadave.com\/wp-content\/uploads\/2023\/09\/Beneficios-da-uva-roxa-com-caroco-768x439.jpg 768w, http:\/\/cozinhadave.com\/wp-content\/uploads\/2023\/09\/Beneficios-da-uva-roxa-com-caroco-18x10.jpg 18w, http:\/\/cozinhadave.com\/wp-content\/uploads\/2023\/09\/Beneficios-da-uva-roxa-com-caroco.jpg 1344w\" sizes=\"auto, (max-width: 1024px) 100vw, 1024px\" \/><\/figure>\n<\/div>\n\n\n<p>En annan viktig f\u00f6rdel \u00e4r dess antiinflammatoriska potential. Regelbunden konsumtion av lila k\u00e4rndruvor kan hj\u00e4lpa till att minska inflammation i kroppen och f\u00f6rebygga sjukdomar som artrit.<\/p>\n\n\n\n<p>Dessutom \u00e4r lila fr\u00f6druvor bra f\u00f6r hj\u00e4rth\u00e4lsa. Den inneh\u00e5ller resveratrol, ett \u00e4mne som hj\u00e4lper till att s\u00e4nka kolesterolniv\u00e5erna och f\u00f6rebygger hj\u00e4rt-k\u00e4rlsjukdomar.<\/p>\n\n\n\n<p>Det slutar inte d\u00e4r! Lila druvor med fr\u00f6n \u00e4r ocks\u00e5 ett bra alternativ f\u00f6r dem som vill g\u00e5 ner i vikt. Den \u00e4r rik p\u00e5 fibrer, vilket hj\u00e4lper till att f\u00f6rb\u00e4ttra matsm\u00e4ltningen och m\u00e4ttnadsk\u00e4nslan.<\/p>\n\n\n\n<p>Och hur man anv\u00e4nder lila druvor med fr\u00f6n i din kost? Det kan konsumeras f\u00e4rskt som ett h\u00e4lsosamt mellanm\u00e5l eller l\u00e4ggas till sallader och varma r\u00e4tter. Vidare \u00e4r det m\u00f6jligt att g\u00f6ra juicer, gel\u00e9er, s\u00e5ser och mycket mer.<\/p>\n\n\n\n<p>D\u00e4rf\u00f6r, om du vill ha n\u00e5got gott och gott f\u00f6r din kropp, tveka inte att inkludera <a href=\"http:\/\/cozinhadave.com\/sv\/vad-ar-skillnaden-mellan-lila-och-grona-druvor\/\" data-type=\"post\" data-id=\"20137\">lila druva<\/a> med klumpar i kosten. F\u00f6rdelarna \u00e4r otaliga och smaken \u00e4r oj\u00e4mf\u00f6rlig!<\/p>\n\n\n\n<h2 class=\"wp-block-heading\">Recept med lila druvor med fr\u00f6n<\/h2>\n\n\n\n<p>Det \u00e4r dags att smutsa ner h\u00e4nderna och prova n\u00e5gra l\u00e4ckra recept med lila fr\u00f6druvor! Genom att kombinera den unika smaken hos dessa druvor med andra ingredienser \u00e4r det m\u00f6jligt att skapa otroliga r\u00e4tter f\u00f6r olika tillf\u00e4llen. Kolla in n\u00e5gra f\u00f6rslag jag satt ihop \u00e5t dig:<\/p>\n\n\n\n<figure class=\"wp-block-table\"><table><tbody><tr><th>Inkomst<\/th><th>Beskrivning<\/th><\/tr><tr><td><em>Vindruva Panacotta<\/em><\/td><td>En elegant och l\u00e4ttlagad dessert. Den s\u00f6ta smaken av den lila stendruvan st\u00e5r i perfekt kontrast till panacotans mjukhet. F\u00f6r en extra kick av smak, tills\u00e4tt en skv\u00e4tt portvin till mixen.<\/td><\/tr><tr><td><em>Druvsallad<\/em><\/td><td>En uppfriskande och h\u00e4lsosam sallad, perfekt f\u00f6r varma dagar. Kombinera lila druvor med fr\u00f6n, salladsblad, gurkskivor och bitar av vit ost. Krydda med olivolja, salt och balsamvin\u00e4ger.<\/td><\/tr><tr><td><em>Druvpaj<\/em><\/td><td>En klassisk dessert som aldrig g\u00e5r ur mode. Med hj\u00e4lp av f\u00e4rska lila fr\u00f6druvor kan du skapa en s\u00f6t och saftig paj. Tills\u00e4tt lite socker och kanel till druvblandningen och skapa en m\u00f6rdegsbotten f\u00f6r att g\u00f6ra r\u00e4tten f\u00e4rdig.<\/td><\/tr><\/tbody><\/table><\/figure>\n\n\n\n<p>Med dessa recept kan du utforska all smak och m\u00e5ngfald av lila fr\u00f6druvor. Prova var och en och ta reda p\u00e5 vilken som \u00e4r din favorit!<\/p>\n\n\n<div class=\"wp-block-image\">\n<figure class=\"aligncenter\"><img loading=\"lazy\" decoding=\"async\" width=\"1024\" height=\"585\" src=\"http:\/\/cozinhadave.com\/wp-content\/uploads\/2023\/09\/Receitas-com-uvas-roxas-com-caroco-1024x585.jpg\" alt=\"Recept med lila druvor med fr\u00f6n\" class=\"wp-image-20019\" title=\"Recept med lila druvor med fr\u00f6n\" srcset=\"http:\/\/cozinhadave.com\/wp-content\/uploads\/2023\/09\/Receitas-com-uvas-roxas-com-caroco-1024x585.jpg 1024w, http:\/\/cozinhadave.com\/wp-content\/uploads\/2023\/09\/Receitas-com-uvas-roxas-com-caroco-300x171.jpg 300w, http:\/\/cozinhadave.com\/wp-content\/uploads\/2023\/09\/Receitas-com-uvas-roxas-com-caroco-768x439.jpg 768w, http:\/\/cozinhadave.com\/wp-content\/uploads\/2023\/09\/Receitas-com-uvas-roxas-com-caroco-18x10.jpg 18w, http:\/\/cozinhadave.com\/wp-content\/uploads\/2023\/09\/Receitas-com-uvas-roxas-com-caroco.jpg 1344w\" sizes=\"auto, (max-width: 1024px) 100vw, 1024px\" \/><\/figure>\n<\/div>\n\n\n<p>Jag \u00e4lskar helt enkelt att uppt\u00e4cka nyfikna och intressanta fakta om saker jag gillar, och med den lila fr\u00f6druvan kunde det inte vara annorlunda. D\u00e4rf\u00f6r kommer jag i detta segment att dela med dig n\u00e5gra av de mest fascinerande fakta om denna speciella frukt. Nu g\u00e5r vi!<\/p>\n\n\n\n<figure class=\"wp-block-table\"><table><tbody><tr><th>Nyfikenhet<\/th><th>Beskrivning<\/th><\/tr><tr><td>K\u00e4rlekens druva<\/td><td>I Japan \u00e4r den lila stendruvan k\u00e4nd som &quot;k\u00e4rleksdruvan&quot; och \u00e4r en popul\u00e4r present p\u00e5 datum som alla hj\u00e4rtans dag och fars dag.<\/td><\/tr><tr><td>\u00c4ldre<\/td><td>Den lila fr\u00f6druvan anses vara en av de \u00e4ldsta druvorna i v\u00e4rlden, odlad sedan antiken av grekerna och romarna.<\/td><\/tr><tr><td>Ovanligt vin<\/td><td>\u00c4ven om den lila k\u00e4rnade druvan inte \u00e4r vanligt f\u00f6rekommande i vinproduktion, finns det ett s\u00e4llsynt vin som heter &quot;Schioppettino&quot; som \u00e4r gjord av druvsorten.<\/td><\/tr><\/tbody><\/table><\/figure>\n\n\n\n<p>H\u00e4ftig va? Men v\u00e4nta, det finns mer!<\/p>\n\n\n\n<blockquote class=\"nv-cv-d nv-cv-m wp-block-quote is-layout-flow wp-block-quote-is-layout-flow\">\n<p>Visste du att lila druvor med k\u00e4rnor har ett h\u00f6gre antioxidantinneh\u00e5ll \u00e4n druvor utan k\u00e4rnor? Just det, f\u00f6rutom att de \u00e4r goda \u00e4r de ocks\u00e5 nyttiga!<\/p>\n<\/blockquote>\n\n\n\n<p>Och jag kan inte l\u00e5ta bli att n\u00e4mna att den lila fr\u00f6druvan \u00e4r en favorit bland m\u00e5nga k\u00e4ndisar, inklusive Oprah Winfrey och Jessica Alba. Inte konstigt att hon \u00e4r s\u00e5 k\u00e4nd, tycker du inte?<\/p>\n\n\n<div class=\"wp-block-image\">\n<figure class=\"aligncenter\"><img loading=\"lazy\" decoding=\"async\" width=\"1024\" height=\"585\" src=\"http:\/\/cozinhadave.com\/wp-content\/uploads\/2023\/09\/curiosidades-sobre-a-uva-roxa-com-caroco-1024x585.jpg\" alt=\"intressanta fakta om lila druvor med fr\u00f6n\" class=\"wp-image-20020\" title=\"intressanta fakta om lila druvor med fr\u00f6n\" srcset=\"http:\/\/cozinhadave.com\/wp-content\/uploads\/2023\/09\/curiosidades-sobre-a-uva-roxa-com-caroco-1024x585.jpg 1024w, http:\/\/cozinhadave.com\/wp-content\/uploads\/2023\/09\/curiosidades-sobre-a-uva-roxa-com-caroco-300x171.jpg 300w, http:\/\/cozinhadave.com\/wp-content\/uploads\/2023\/09\/curiosidades-sobre-a-uva-roxa-com-caroco-768x439.jpg 768w, http:\/\/cozinhadave.com\/wp-content\/uploads\/2023\/09\/curiosidades-sobre-a-uva-roxa-com-caroco-18x10.jpg 18w, http:\/\/cozinhadave.com\/wp-content\/uploads\/2023\/09\/curiosidades-sobre-a-uva-roxa-com-caroco.jpg 1344w\" sizes=\"auto, (max-width: 1024px) 100vw, 1024px\" \/><\/figure>\n<\/div>\n\n\n<p>Jag hoppas att du gillade de intressanta fakta jag delade om lila stendruvor. Gl\u00f6m inte att n\u00e4mna dem n\u00e4sta g\u00e5ng du serverar denna frukt p\u00e5 en sammankomst med v\u00e4nner och familj \u2013 de kommer att \u00e4lska att l\u00e4ra sig mer om det!<\/p>\n\n\n\n<h2 class=\"wp-block-heading\">Konsumtionen av lila druvor med fr\u00f6n i Brasilien<\/h2>\n\n\n\n<p>Druvor \u00e4r en frukt som \u00e4r mycket uppskattad av brasilianare, som konsumeras p\u00e5 olika s\u00e4tt, vare sig den \u00e4r f\u00e4rsk, i juice eller vin. I synnerhet lila k\u00e4rndruvor har en framtr\u00e4dande plats i den brasilianska kosten.<\/p>\n\n\n\n<p>Det finns m\u00e5nga anledningar till varf\u00f6r lila fr\u00f6druvor \u00e4r ett s\u00e5 popul\u00e4rt alternativ i landet. F\u00f6r det f\u00f6rsta \u00e4r dess s\u00f6ta och saftiga smak en riktig bana f\u00f6r de mest kr\u00e4vande gommarna. Dessutom ger dess fr\u00f6n en krispig konsistens och en mer sl\u00e5ende smak, vilket g\u00f6r denna druvsort \u00e4nnu mer uts\u00f6kt.<\/p>\n\n\n\n<p>En annan faktor som bidrar till konsumtionen av denna frukt \u00e4r dess n\u00e4ringsv\u00e4rde. Till <a href=\"https:\/\/joov.com.br\/alimenta%C3%A7%C3%A3o\/uva\/10-beneficios-da-uva-roxa-e-verde-que-fazem-bem-para-a-saude\/\" data-type=\"link\" data-id=\"https:\/\/joov.com.br\/alimenta%C3%A7%C3%A3o\/uva\/10-beneficios-da-uva-roxa-e-verde-que-fazem-bem-para-a-saude\/\" target=\"_blank\" rel=\"noopener\">lila druvor<\/a> med fr\u00f6n \u00e4r rika p\u00e5 antioxidanter, vitaminer och mineraler som fr\u00e4mjar kroppens h\u00e4lsa, bek\u00e4mpar fria radikaler och f\u00f6rebygger olika sjukdomar.<\/p>\n\n\n\n<p>Slutligen kan vi inte heller undg\u00e5 att n\u00e4mna m\u00e5ngsidigheten hos lila stendruvor. Den kan konsumeras p\u00e5 olika s\u00e4tt, fr\u00e5n att bara skalas och \u00e4tas som en frukt, till att anv\u00e4ndas som ingrediens i s\u00f6ta och salta recept.<\/p>\n\n\n<div class=\"wp-block-image\">\n<figure class=\"aligncenter\"><img loading=\"lazy\" decoding=\"async\" width=\"1024\" height=\"585\" src=\"http:\/\/cozinhadave.com\/wp-content\/uploads\/2023\/09\/consumo-da-uva-roxa-com-caroco-no-Brasil-1024x585.jpg\" alt=\"konsumtion av lila druvor med fr\u00f6n i Brasilien\" class=\"wp-image-20021\" title=\"konsumtion av lila druvor med fr\u00f6n i Brasilien\" srcset=\"http:\/\/cozinhadave.com\/wp-content\/uploads\/2023\/09\/consumo-da-uva-roxa-com-caroco-no-Brasil-1024x585.jpg 1024w, http:\/\/cozinhadave.com\/wp-content\/uploads\/2023\/09\/consumo-da-uva-roxa-com-caroco-no-Brasil-300x171.jpg 300w, http:\/\/cozinhadave.com\/wp-content\/uploads\/2023\/09\/consumo-da-uva-roxa-com-caroco-no-Brasil-768x439.jpg 768w, http:\/\/cozinhadave.com\/wp-content\/uploads\/2023\/09\/consumo-da-uva-roxa-com-caroco-no-Brasil-18x10.jpg 18w, http:\/\/cozinhadave.com\/wp-content\/uploads\/2023\/09\/consumo-da-uva-roxa-com-caroco-no-Brasil.jpg 1344w\" sizes=\"auto, (max-width: 1024px) 100vw, 1024px\" \/><\/figure>\n<\/div>\n\n\n<p>D\u00e4rf\u00f6r \u00e4r det inte sv\u00e5rt att f\u00f6rst\u00e5 varf\u00f6r lila stendruvor \u00e4r s\u00e5 uppskattade av brasilianare. Oavsett om du vill sl\u00e4cka t\u00f6rsten under varma sommardagar, som tillbeh\u00f6r till m\u00e5ltider eller som ingrediens i desserter, har denna frukt vunnit en speciell plats i m\u00e5nga m\u00e4nniskors hj\u00e4rtan.<\/p>\n\n\n\n<h2 class=\"wp-block-heading\">Huvudskillnaderna mellan k\u00e4rnfria och k\u00e4rnfria lila druvor<\/h2>\n\n\n\n<p>Ah, druvorna! Denna l\u00e4ckra runda frukt \u00e4r en sann passion i mitt liv. Men visste du att det finns skillnader mellan fr\u00f6ade och k\u00e4rnfria lila druvor? Ja, men oroa dig inte, jag \u00e4r h\u00e4r f\u00f6r att f\u00f6rklara allt f\u00f6r dig.<\/p>\n\n\n<div class=\"wp-block-image\">\n<figure class=\"aligncenter\"><img loading=\"lazy\" decoding=\"async\" width=\"1024\" height=\"585\" src=\"http:\/\/cozinhadave.com\/wp-content\/uploads\/2023\/09\/diferencas-entre-uvas-roxas-com-e-sem-caroco-1024x585.jpg\" alt=\"skillnader mellan lila druvor med och utan k\u00e4rnor\" class=\"wp-image-20022\" title=\"skillnader mellan lila druvor med och utan k\u00e4rnor\" srcset=\"http:\/\/cozinhadave.com\/wp-content\/uploads\/2023\/09\/diferencas-entre-uvas-roxas-com-e-sem-caroco-1024x585.jpg 1024w, http:\/\/cozinhadave.com\/wp-content\/uploads\/2023\/09\/diferencas-entre-uvas-roxas-com-e-sem-caroco-300x171.jpg 300w, http:\/\/cozinhadave.com\/wp-content\/uploads\/2023\/09\/diferencas-entre-uvas-roxas-com-e-sem-caroco-768x439.jpg 768w, http:\/\/cozinhadave.com\/wp-content\/uploads\/2023\/09\/diferencas-entre-uvas-roxas-com-e-sem-caroco-18x10.jpg 18w, http:\/\/cozinhadave.com\/wp-content\/uploads\/2023\/09\/diferencas-entre-uvas-roxas-com-e-sem-caroco.jpg 1344w\" sizes=\"auto, (max-width: 1024px) 100vw, 1024px\" \/><\/figure>\n<\/div>\n\n\n<p>Lila k\u00e4rndruvor, \u00e4ven k\u00e4nda som bordsdruvor, \u00e4r de som har fr\u00f6n inuti. Fr\u00f6fria lila druvor, \u00e4ven kallade b\u00e4rdruvor, \u00e4r de som har d\u00e5ligt utvecklade eller till och med obefintliga fr\u00f6n.<\/p>\n\n\n\n<p>Men skillnaderna g\u00e5r ut\u00f6ver fr\u00f6na. Lila druvor med k\u00e4rnor har i allm\u00e4nhet tjockare skal och en starkare smak, medan de utan k\u00e4rnor har tunnare skal och en mildare smak. Dessutom har druvor med fr\u00f6n en fastare konsistens, medan druvor utan fr\u00f6n \u00e4r mjukare.<\/p>\n\n\n\n<p>N\u00e4r du v\u00e4ljer \u00e4r lila druvor med fr\u00f6n idealiska f\u00f6r konsumtion f\u00e4rska, medan de utan fr\u00f6n \u00e4r mer l\u00e4mpade f\u00f6r recept som juice, gel\u00e9 och kompott.<\/p>\n\n\n\n<p>Dessa \u00e4r de viktigaste skillnaderna mellan lila druvor med och utan fr\u00f6n. Men oavsett vad du f\u00f6redrar \u00e4r en sak s\u00e4ker: druvor \u00e4r alltid uts\u00f6kt!<\/p>\n\n\n\n<figure class=\"wp-block-embed is-provider-youtube wp-block-embed-youtube\"><div class=\"wp-block-embed__wrapper\">\n<div class=\"nv-iframe-embed\"><iframe loading=\"lazy\" title=\"H\u00c4LSOF\u00d6RDELAR MED LILA DRUVKANAL APRENDIZ \/ 742\" width=\"1200\" height=\"675\" src=\"https:\/\/www.youtube.com\/embed\/r71hklP-6rg?feature=oembed\" frameborder=\"0\" allow=\"accelerometer; autoplay; clipboard-write; encrypted-media; gyroscope; picture-in-picture; web-share\" referrerpolicy=\"strict-origin-when-cross-origin\" allowfullscreen><\/iframe><\/div>\n<\/div><\/figure>\n\n\n\n<h2 class=\"wp-block-heading\">Slutsats<\/h2>\n\n\n\n<p>Och s\u00e5 kommer vi till slutet av v\u00e5r s\u00f6kning efter namnet p\u00e5 den lila stendruvan! Jag hoppas att detta har varit en rolig och informativ resa f\u00f6r dig, k\u00e4ra l\u00e4sare.<\/p>\n\n\n\n<p>Nu n\u00e4r vi vet namnet p\u00e5 denna l\u00e4ckra frukt och dess f\u00f6rdelar, kan vi njuta \u00e4nnu mer av alla de m\u00f6jligheter som lila fr\u00f6druvor har att erbjuda.<\/p>\n\n\n\n<h3 class=\"wp-block-heading\">Den lila druvan med fr\u00f6n i mitt n\u00e4sta recept<\/h3>\n\n\n\n<p>Jag erk\u00e4nner att jag ser fram emot att prova n\u00e5gra av recepten vi delar i den h\u00e4r artikeln, s\u00e4rskilt de som anv\u00e4nder lila fr\u00f6druvor som huvudingrediens.<\/p>\n\n\n\n<p>Den h\u00e4r frukten kommer definitivt att bli stj\u00e4rnan i min n\u00e4sta r\u00e4tt, oavsett om det \u00e4r en uppfriskande sallad eller en oemotst\u00e5ndlig efterr\u00e4tt. Jag saliverar redan bara jag t\u00e4nker p\u00e5 det!<\/p>\n\n\n\n<h3 class=\"wp-block-heading\">Utforska kuriosa med lila fr\u00f6druvor<\/h3>\n\n\n\n<p>F\u00f6rutom sin l\u00e4ckra smak uppt\u00e4ckte vi att den lila stendruvan har en nyfiken och fascinerande sida. Visste du att det finns mer \u00e4n 8 000 druvsorter i v\u00e4rlden? Och att druvor anv\u00e4ndes av de gamla egyptierna f\u00f6r att producera vin och mediciner?<\/p>\n\n\n\n<p>Dessa och andra intressanta fakta om lila stendruvor f\u00e5r oss att uppskatta denna speciella frukt \u00e4nnu mer.<\/p>\n\n\n\n<p>Jag hoppas att du fick ut det mesta av den h\u00e4r artikeln och dela den g\u00e4rna med dina v\u00e4nner och familj. Tills n\u00e4sta g\u00e5ng, vet att vi alltid finns h\u00e4r f\u00f6r att dela med oss av de b\u00e4sta tipsen och informationen om det brasilianska k\u00f6kets l\u00e4ckerheter!<\/p>\n\n\n\n<h2 class=\"wp-block-heading\">Vanliga fr\u00e5gor<\/h2>\n\n\n\t\t<section\t\thelp class=\"nv-cv-d nv-cv-m sc_fs_faq sc_card\"\n\t\t\t\t>\n\t\t\t\t<h3>Vad heter den lila druvan med fr\u00f6n?<\/h3>\t\t\t\t<div>\n\t\t\t\t\t\t<div class=\"sc_fs_faq__content\">\n\t\t\t\t\n\n<p>Den lila stendruvan \u00e4r k\u00e4nd som Concord-druvan, en popul\u00e4r sort i USA och Kanada.<\/p>\n\n\t\t\t<\/div>\n\t\t<\/div>\n\t\t<\/section>\n\t\t\t\t<section\t\thelp class=\"sc_fs_faq sc_card\"\n\t\t\t\t>\n\t\t\t\t<h3>Vad k\u00e4nnetecknar lila fr\u00f6druvor?<\/h3>\t\t\t\t<div>\n\t\t\t\t\t\t<div class=\"sc_fs_faq__content\">\n\t\t\t\t\n\n<p>Lila k\u00e4rndruvor har en intensiv f\u00e4rg, saftig konsistens och s\u00f6t smak. Dess fr\u00f6n ger ett litet knas n\u00e4r man biter.<\/p>\n\n\t\t\t<\/div>\n\t\t<\/div>\n\t\t<\/section>\n\t\t\t\t<section\t\thelp class=\"sc_fs_faq sc_card\"\n\t\t\t\t>\n\t\t\t\t<h3>Vilka sorter av lila fr\u00f6druvor finns tillg\u00e4ngliga?<\/h3>\t\t\t\t<div>\n\t\t\t\t\t\t<div class=\"sc_fs_faq__content\">\n\t\t\t\t\n\n<p> N\u00e5gra av de mest popul\u00e4ra druvsorterna med lila fr\u00f6 inkluderar Concord-druvan, Isabella-druvan och Baco Noir-druvan.<\/p>\n\n\t\t\t<\/div>\n\t\t<\/div>\n\t\t<\/section>\n\t\t\t\t<section\t\thelp class=\"sc_fs_faq sc_card\"\n\t\t\t\t>\n\t\t\t\t<h3>Hur \u00e4r odlingen av lila fr\u00f6druvor?<\/h3>\t\t\t\t<div>\n\t\t\t\t\t\t<div class=\"sc_fs_faq__content\">\n\t\t\t\t\n\n<p>Den lila fr\u00f6druvan odlas fr\u00e4mst i regioner med ett tempererat klimat. Det kr\u00e4ver b\u00f6rdig jord, solexponering och ordentlig v\u00e5rd f\u00f6r att skydda mot sjukdomar och skadedjur.<\/p>\n\n\t\t\t<\/div>\n\t\t<\/div>\n\t\t<\/section>\n\t\t\t\t<section\t\thelp class=\"sc_fs_faq sc_card\"\n\t\t\t\t>\n\t\t\t\t<h3>Vilka \u00e4r f\u00f6rdelarna med och anv\u00e4ndningarna av lila fr\u00f6druvor?<\/h3>\t\t\t\t<div>\n\t\t\t\t\t\t<div class=\"sc_fs_faq__content\">\n\t\t\t\t\n\n<p>F\u00f6rutom att vara en k\u00e4lla till vitaminer och mineraler har lila fr\u00f6druvor ocks\u00e5 antioxidantegenskaper. Den kan konsumeras f\u00e4rsk, anv\u00e4ndas i juicer, gel\u00e9er, viner och till och med i kulinariska r\u00e4tter.<\/p>\n\n\t\t\t<\/div>\n\t\t<\/div>\n\t\t<\/section>\n\t\t\t\t<section\t\thelp class=\"sc_fs_faq sc_card\"\n\t\t\t\t>\n\t\t\t\t<h3>Har du n\u00e5gra recept med lila fr\u00f6druvor att dela med dig av?<\/h3>\t\t\t\t<div>\n\t\t\t\t\t\t<div class=\"sc_fs_faq__content\">\n\t\t\t\t\n\n<p>Ja! Ett bra alternativ \u00e4r att g\u00f6ra en sallad med lila fr\u00f6druvor, som passar perfekt till ost, n\u00f6tter och en l\u00e4tt vin\u00e4grett. Det \u00e4r gott!<\/p>\n\n\t\t\t<\/div>\n\t\t<\/div>\n\t\t<\/section>\n\t\t\t\t<section\t\thelp class=\"sc_fs_faq sc_card\"\n\t\t\t\t>\n\t\t\t\t<h3>Vilka \u00e4r de viktigaste skillnaderna mellan k\u00e4rnfria och k\u00e4rnfria lila druvor?<\/h3>\t\t\t\t<div>\n\t\t\t\t\t\t<div class=\"sc_fs_faq__content\">\n\t\t\t\t\n\n<p>Den st\u00f6rsta skillnaden \u00e4r i n\u00e4rvaro eller fr\u00e5nvaro av fr\u00f6n. Lila k\u00e4rnfria druvor, som Concord-druvan, har fr\u00f6n, medan lila k\u00e4rnfria druvor, som Red Globe-druvan, \u00e4r k\u00e4rnfria.<\/p>\n\n\t\t\t<\/div>\n\t\t<\/div>\n\t\t<\/section>\n\t\t\t\t<section\t\thelp class=\"sc_fs_faq sc_card\"\n\t\t\t\t>\n\t\t\t\t<h3>Finns det n\u00e5gon specifik konsumtion av lila k\u00e4rndruvor i Brasilien?<\/h3>\t\t\t\t<div>\n\t\t\t\t\t\t<div class=\"sc_fs_faq__content\">\n\t\t\t\t\n\n<p>I Brasilien konsumeras lila k\u00e4rndruvor i stor utstr\u00e4ckning f\u00e4rska, i juicer och anv\u00e4nds ocks\u00e5 f\u00f6r vinproduktion.<\/p>\n\n\t\t\t<\/div>\n\t\t<\/div>\n\t\t<\/section>\n\t\t\t\t<section\t\thelp class=\"sc_fs_faq sc_card\"\n\t\t\t\t>\n\t\t\t\t<h3>Vilka \u00e4r de mest intressanta fakta om lila stendruvor?<\/h3>\t\t\t\t<div>\n\t\t\t\t\t\t<div class=\"sc_fs_faq__content\">\n\t\t\t\t\n\n<p>Visste du att Concord-druvan anv\u00e4nds flitigt f\u00f6r att producera druvjuice i USA? Den \u00e4r k\u00e4nd f\u00f6r sin intensiva f\u00e4rg och s\u00f6ta smak.<\/p>\n\n\t\t\t<\/div>\n\t\t<\/div>\n\t\t<\/section>\n\t\t\t\t<section\t\thelp class=\"sc_fs_faq sc_card\"\n\t\t\t\t>\n\t\t\t\t<h3>Vilka \u00e4r de mest intressanta fakta om lila stendruvor?<\/h3>\t\t\t\t<div>\n\t\t\t\t\t\t<div class=\"sc_fs_faq__content\">\n\t\t\t\t\n\n<p>Visste du att Concord-druvan anv\u00e4nds flitigt f\u00f6r att producera druvjuice i USA? Den \u00e4r k\u00e4nd f\u00f6r sin intensiva f\u00e4rg och s\u00f6ta smak.<\/p>\n\n\t\t\t<\/div>\n\t\t<\/div>\n\t\t<\/section>\n\t\t\n<script type=\"application\/ld+json\">{\n    \"@context\": \"https:\\\/\\\/schema.org\",\n    \"@type\": \"FAQPage\",\n    \"mainEntity\": [\n        {\n            \"@type\": \"Question\",\n            \"name\": \"Qual o nome da uva roxa com caro\\u00e7o?\",\n            \"acceptedAnswer\": {\n                \"@type\": \"Answer\",\n                \"text\": \"<p>A uva roxa com caro\\u00e7o \\u00e9 conhecida como uva Concord, uma variedade popular nos Estados Unidos e Canad\\u00e1.<\\\/p>\"\n            }\n        },\n        {\n            \"@type\": \"Question\",\n            \"name\": \"Quais s\\u00e3o as caracter\\u00edsticas da uva roxa com caro\\u00e7o?\",\n            \"acceptedAnswer\": {\n                \"@type\": \"Answer\",\n                \"text\": \"<p>A uva roxa com caro\\u00e7o possui uma cor intensa, textura suculenta e sabor adocicado. Suas sementes conferem uma ligeira croc\\u00e2ncia ao morder.<\\\/p>\"\n            }\n        },\n        {\n            \"@type\": \"Question\",\n            \"name\": \"Quais s\\u00e3o as variedades de uvas roxas com caro\\u00e7o dispon\\u00edveis?\",\n            \"acceptedAnswer\": {\n                \"@type\": \"Answer\",\n                \"text\": \"<p> Algumas das variedades de uvas roxas com caro\\u00e7o mais populares incluem a uva Concord, uva Isabella e uva Baco Noir.<\\\/p>\"\n            }\n        },\n        {\n            \"@type\": \"Question\",\n            \"name\": \"Como \\u00e9 o cultivo da uva roxa com caro\\u00e7o?\",\n            \"acceptedAnswer\": {\n                \"@type\": \"Answer\",\n                \"text\": \"<p>A uva roxa com caro\\u00e7o \\u00e9 cultivada principalmente em regi\\u00f5es de clima temperado. Ela requer um solo f\\u00e9rtil, exposi\\u00e7\\u00e3o ao sol e cuidados adequados para prote\\u00e7\\u00e3o contra doen\\u00e7as e pragas.<\\\/p>\"\n            }\n        },\n        {\n            \"@type\": \"Question\",\n            \"name\": \"Quais s\\u00e3o os benef\\u00edcios e usos da uva roxa com caro\\u00e7o?\",\n            \"acceptedAnswer\": {\n                \"@type\": \"Answer\",\n                \"text\": \"<p>Al\\u00e9m de ser uma fonte de vitaminas e minerais, a uva roxa com caro\\u00e7o tamb\\u00e9m possui propriedades antioxidantes. Ela pode ser consumida in natura, utilizada em sucos, geleias, vinhos e at\\u00e9 mesmo em pratos culin\\u00e1rios.<\\\/p>\"\n            }\n        },\n        {\n            \"@type\": \"Question\",\n            \"name\": \"Voc\\u00ea tem alguma receita utilizando uvas roxas com caro\\u00e7o para compartilhar?\",\n            \"acceptedAnswer\": {\n                \"@type\": \"Answer\",\n                \"text\": \"<p>Sim! Uma \\u00f3tima op\\u00e7\\u00e3o \\u00e9 fazer uma salada de uva roxa com caro\\u00e7o, que combina perfeitamente com queijos, nozes e uma leve vinagrete. Fica delicioso!<\\\/p>\"\n            }\n        },\n        {\n            \"@type\": \"Question\",\n            \"name\": \"Quais s\\u00e3o as principais diferen\\u00e7as entre uvas roxas com e sem caro\\u00e7o?\",\n            \"acceptedAnswer\": {\n                \"@type\": \"Answer\",\n                \"text\": \"<p>A principal diferen\\u00e7a est\\u00e1 na presen\\u00e7a ou aus\\u00eancia de sementes. As uvas roxas com caro\\u00e7o, como a uva Concord, possuem sementes, enquanto as uvas roxas sem caro\\u00e7o, como a uva Red Globe, s\\u00e3o livres de sementes.<\\\/p>\"\n            }\n        },\n        {\n            \"@type\": \"Question\",\n            \"name\": \"Existe algum consumo espec\\u00edfico de uva roxa com caro\\u00e7o no Brasil?\",\n            \"acceptedAnswer\": {\n                \"@type\": \"Answer\",\n                \"text\": \"<p>No Brasil, a uva roxa com caro\\u00e7o \\u00e9 amplamente consumida in natura, em sucos e tamb\\u00e9m \\u00e9 utilizada para a produ\\u00e7\\u00e3o de vinhos.<\\\/p>\"\n            }\n        },\n        {\n            \"@type\": \"Question\",\n            \"name\": \"Quais s\\u00e3o as curiosidades mais interessantes sobre a uva roxa com caro\\u00e7o?\",\n            \"acceptedAnswer\": {\n                \"@type\": \"Answer\",\n                \"text\": \"<p>Voc\\u00ea sabia que a uva Concord \\u00e9 amplamente utilizada para a produ\\u00e7\\u00e3o de suco de uva nos Estados Unidos? Ela \\u00e9 conhecida por sua cor intensa e sabor adocicado.<\\\/p>\"\n            }\n        },\n        {\n            \"@type\": \"Question\",\n            \"name\": \"Quais s\\u00e3o as curiosidades mais interessantes sobre a uva roxa com caro\\u00e7o?\",\n            \"acceptedAnswer\": {\n                \"@type\": \"Answer\",\n                \"text\": \"<p>Voc\\u00ea sabia que a uva Concord \\u00e9 amplamente utilizada para a produ\\u00e7\\u00e3o de suco de uva nos Estados Unidos? Ela \\u00e9 conhecida por sua cor intensa e sabor adocicado.<\\\/p>\"\n            }\n        }\n    ]\n}<\/script>\n\n\n\n<p><\/p>\n\n\n\n<p><\/p>\n\n\n\n<p><\/p>\n\n\n\n<p><\/p>\n\n\n\n<p><\/p>\n\n\n\n<p><\/p>\n\n\n\n<p><\/p>\n\n\n\n<p><\/p>","protected":false},"excerpt":{"rendered":"<p>Ol\u00e1, leitores! Voc\u00eas j\u00e1 devem ter se deparado com uvas roxas com caro\u00e7o em supermercados, feiras e at\u00e9 mesmo na mesa de algum conhecido. \u00c9 uma uva deliciosa e diferente, mas muitos se perguntam: qual o nome da uva roxa com caro\u00e7o? Qual o nome da uva roxa com caro\u00e7o? Descubra agora! Neste artigo, vou&hellip;&nbsp;<\/p>\n<div class=\"read-more-wrapper\"><a href=\"http:\/\/cozinhadave.com\/sv\/vad-heter-den-lila-druvan-med-fron\/\" class=\"button button-secondary\" rel=\"bookmark\">L\u00e4s mer \"<span class=\"screen-reader-text\">Vad heter den lila druvan med fr\u00f6n? Ta reda p\u00e5 nu!<\/span><\/a><\/div>","protected":false},"author":3,"featured_media":20012,"comment_status":"closed","ping_status":"open","sticky":false,"template":"","format":"standard","meta":{"_uag_custom_page_level_css":"","wprm-recipe-roundup-name":"","wprm-recipe-roundup-description":"","neve_meta_sidebar":"","neve_meta_container":"","neve_meta_enable_content_width":"","neve_meta_content_width":0,"neve_meta_title_alignment":"","neve_meta_author_avatar":"","neve_post_elements_order":"","neve_meta_disable_header":"","neve_meta_disable_footer":"","neve_meta_disable_title":"","neve_meta_reading_time":"","footnotes":""},"categories":[2360],"tags":[],"class_list":["post-20011","post","type-post","status-publish","format-standard","has-post-thumbnail","hentry","category-curiosidades"],"uagb_featured_image_src":{"full":["http:\/\/cozinhadave.com\/wp-content\/uploads\/2023\/09\/qual-o-nome-da-uva-roxa-com-caroco.jpg",1344,768,false],"thumbnail":["http:\/\/cozinhadave.com\/wp-content\/uploads\/2023\/09\/qual-o-nome-da-uva-roxa-com-caroco-150x150.jpg",150,150,true],"medium":["http:\/\/cozinhadave.com\/wp-content\/uploads\/2023\/09\/qual-o-nome-da-uva-roxa-com-caroco-300x171.jpg",300,171,true],"medium_large":["http:\/\/cozinhadave.com\/wp-content\/uploads\/2023\/09\/qual-o-nome-da-uva-roxa-com-caroco-768x439.jpg",768,439,true],"large":["http:\/\/cozinhadave.com\/wp-content\/uploads\/2023\/09\/qual-o-nome-da-uva-roxa-com-caroco-1024x585.jpg",1024,585,true],"1536x1536":["http:\/\/cozinhadave.com\/wp-content\/uploads\/2023\/09\/qual-o-nome-da-uva-roxa-com-caroco.jpg",1344,768,false],"2048x2048":["http:\/\/cozinhadave.com\/wp-content\/uploads\/2023\/09\/qual-o-nome-da-uva-roxa-com-caroco.jpg",1344,768,false],"trp-custom-language-flag":["http:\/\/cozinhadave.com\/wp-content\/uploads\/2023\/09\/qual-o-nome-da-uva-roxa-com-caroco-18x10.jpg",18,10,true],"ultp_layout_landscape_large":["http:\/\/cozinhadave.com\/wp-content\/uploads\/2023\/09\/qual-o-nome-da-uva-roxa-com-caroco-1200x768.jpg",1200,768,true],"ultp_layout_landscape":["http:\/\/cozinhadave.com\/wp-content\/uploads\/2023\/09\/qual-o-nome-da-uva-roxa-com-caroco-870x570.jpg",870,570,true],"ultp_layout_portrait":["http:\/\/cozinhadave.com\/wp-content\/uploads\/2023\/09\/qual-o-nome-da-uva-roxa-com-caroco-600x768.jpg",600,768,true],"ultp_layout_square":["http:\/\/cozinhadave.com\/wp-content\/uploads\/2023\/09\/qual-o-nome-da-uva-roxa-com-caroco-600x600.jpg",600,600,true],"wprm-metadata-1_1":["http:\/\/cozinhadave.com\/wp-content\/uploads\/2023\/09\/qual-o-nome-da-uva-roxa-com-caroco-500x500.jpg",500,500,true],"wprm-metadata-4_3":["http:\/\/cozinhadave.com\/wp-content\/uploads\/2023\/09\/qual-o-nome-da-uva-roxa-com-caroco-500x375.jpg",500,375,true],"wprm-metadata-16_9":["http:\/\/cozinhadave.com\/wp-content\/uploads\/2023\/09\/qual-o-nome-da-uva-roxa-com-caroco-480x270.jpg",480,270,true],"neve-blog":["http:\/\/cozinhadave.com\/wp-content\/uploads\/2023\/09\/qual-o-nome-da-uva-roxa-com-caroco-930x620.jpg",930,620,true]},"uagb_author_info":{"display_name":"Ver\u00f4nica Ribeiro","author_link":"http:\/\/cozinhadave.com\/sv\/author\/veronica-ribeiro\/"},"uagb_comment_info":0,"uagb_excerpt":"Ol\u00e1, leitores! Voc\u00eas j\u00e1 devem ter se deparado com uvas roxas com caro\u00e7o em supermercados, feiras e at\u00e9 mesmo na mesa de algum conhecido. \u00c9 uma uva deliciosa e diferente, mas muitos se perguntam: qual o nome da uva roxa com caro\u00e7o? Qual o nome da uva roxa com caro\u00e7o? Descubra agora! Neste artigo, vou&hellip;&nbsp;Ler&hellip;","_links":{"self":[{"href":"http:\/\/cozinhadave.com\/sv\/wp-json\/wp\/v2\/posts\/20011","targetHints":{"allow":["GET"]}}],"collection":[{"href":"http:\/\/cozinhadave.com\/sv\/wp-json\/wp\/v2\/posts"}],"about":[{"href":"http:\/\/cozinhadave.com\/sv\/wp-json\/wp\/v2\/types\/post"}],"author":[{"embeddable":true,"href":"http:\/\/cozinhadave.com\/sv\/wp-json\/wp\/v2\/users\/3"}],"replies":[{"embeddable":true,"href":"http:\/\/cozinhadave.com\/sv\/wp-json\/wp\/v2\/comments?post=20011"}],"version-history":[{"count":0,"href":"http:\/\/cozinhadave.com\/sv\/wp-json\/wp\/v2\/posts\/20011\/revisions"}],"wp:featuredmedia":[{"embeddable":true,"href":"http:\/\/cozinhadave.com\/sv\/wp-json\/wp\/v2\/media\/20012"}],"wp:attachment":[{"href":"http:\/\/cozinhadave.com\/sv\/wp-json\/wp\/v2\/media?parent=20011"}],"wp:term":[{"taxonomy":"category","embeddable":true,"href":"http:\/\/cozinhadave.com\/sv\/wp-json\/wp\/v2\/categories?post=20011"},{"taxonomy":"post_tag","embeddable":true,"href":"http:\/\/cozinhadave.com\/sv\/wp-json\/wp\/v2\/tags?post=20011"}],"curies":[{"name":"wp","href":"https:\/\/api.w.org\/{rel}","templated":true}]}}